{"id":11238,"date":"2020-02-20T14:57:21","date_gmt":"2020-02-20T13:57:21","guid":{"rendered":"http:\/\/www.gesamtschule-stade.de\/?p=11238"},"modified":"2020-03-31T15:08:07","modified_gmt":"2020-03-31T13:08:07","slug":"abiturentlassungsfeier-2019-impressionen-2-2-2-2-3-2-4-3-2-3","status":"publish","type":"post","link":"https:\/\/www.gesamtschule-stade.de\/?p=11238","title":{"rendered":"Tageblatt: Sch\u00fcler in Stade sehen Defizite im Radverkehr"},"content":{"rendered":"<div id=\"attachment_11239\" style=\"width: 880px\" class=\"wp-caption alignnone\"><img loading=\"lazy\" decoding=\"async\" aria-describedby=\"caption-attachment-11239\" class=\"wp-image-11239 size-full\" src=\"https:\/\/www.gesamtschule-stade.de\/wp-content\/uploads\/2020\/03\/20.02.20-tageblatt-radverkehr.jpg\" alt=\"Engpass Hohenwedeler Weg vom Kreisel her kommend. Die Stadt hat hier schon zwei Parkpl\u00e4tze weggenommen, um die Situation \u00fcbersichtlicher zu gestalten. Foto: Str\u00fcning\" width=\"870\" height=\"430\" srcset=\"https:\/\/www.gesamtschule-stade.de\/wp-content\/uploads\/2020\/03\/20.02.20-tageblatt-radverkehr.jpg 870w, https:\/\/www.gesamtschule-stade.de\/wp-content\/uploads\/2020\/03\/20.02.20-tageblatt-radverkehr-300x148.jpg 300w, https:\/\/www.gesamtschule-stade.de\/wp-content\/uploads\/2020\/03\/20.02.20-tageblatt-radverkehr-768x380.jpg 768w, https:\/\/www.gesamtschule-stade.de\/wp-content\/uploads\/2020\/03\/20.02.20-tageblatt-radverkehr-150x74.jpg 150w\" sizes=\"auto, (max-width: 870px) 100vw, 870px\"><p id=\"caption-attachment-11239\" class=\"wp-caption-text\">Eng\u00adpass Ho\u00adhen\u00adwe\u00adde\u00adler Weg vom Krei\u00adsel her kom\u00admend. Die Stadt hat hier schon zwei Park\u00adpl\u00e4t\u00adze weg\u00adge\u00adnom\u00admen, um die Si\u00adtua\u00adti\u00adon \u00fcber\u00adsicht\u00adli\u00adcher zu ge\u00adstal\u00adten. Foto: Str\u00fcning<\/p><\/div>\n<p style=\"text-align: justify;\"><em>Von Lars Str\u00fcning&nbsp;<\/em><\/p>\n<p style=\"text-align: justify;\"><strong><span class=\"caps\">STADE<\/span>. Eine gro\u00df an\u00adge\u00adleg\u00adte Um\u00adfra\u00adge un\u00adter Sch\u00fc\u00adlern und Leh\u00adrern der <span class=\"caps\">IGS<\/span> am Ho\u00adhen\u00adwe\u00addel legt den Fin\u00adger in die Wun\u00adde und zeigt im Rad\u00adver\u00adkehr in\u00adner\u00adhalb der Stadt gro\u00ad\u00dfe De\u00adfi\u00adzi\u00adte auf. Es gibt aber auch gute Nachrichten.<\/strong><\/p>\n<p style=\"text-align: justify;\">Ole Plo\u00adrin ist Leh\u00adrer an der Ge\u00adsamt\u00adschu\u00adle und selbst ak\u00adti\u00adver Fahr\u00adrad\u00adpend\u00adler. Er nahm ge\u00admein\u00adsam mit 52 Kol\u00adle\u00adgen und 730 Sch\u00fc\u00adlern an der Um\u00adfra\u00adge teil. Ein gu\u00adter Schnitt, der zeigt, wie wich\u00adtig den bei\u00adden Grup\u00adpen das The\u00adma Rad\u00adfah\u00adren ist. An der <span class=\"caps\">IGS<\/span> un\u00adter\u00adrich\u00adten 100 Lehr\u00adkr\u00e4f\u00adte 1000 Sch\u00fc\u00adler. Die Er\u00adgeb\u00adnis\u00adse der Er\u00adhe\u00adbung \u201eFahr\u00adrad\u00admo\u00adbi\u00adli\u00adt\u00e4t an der Schu\u00adle\u201c stell\u00adte Ole Plo\u00adrin k\u00fcrz\u00adlich dem Aus\u00adschuss f\u00fcr Stadt\u00adpla\u00adnung und Um\u00adwelt\u00adschutz vor. Sie un\u00adter\u00adst\u00fct\u00adzen manch kri\u00adti\u00adsche The\u00adse zur Rad\u00adfahr-Kul\u00adtur in der&nbsp;Stadt.<\/p>\n<p style=\"text-align: justify;\">Im\u00admer\u00adhin 575 der be\u00adfrag\u00adten Sch\u00fc\u00adler, die aus dem ge\u00adsam\u00adten Stadt\u00adge\u00adbiet kom\u00admen, sind schon mal mit dem Rad zur Schu\u00adle ge\u00adfah\u00adren. Bei den Leh\u00adrern wa\u00adren es 40. Vor\u00adzugs\u00adwei\u00adse wird das Rad ge\u00adnom\u00admen bei gu\u00adtem Wet\u00adter. Das ist kei\u00adne \u00dcber\u00adra\u00adschung. Aus dem di\u00adrek\u00adten Um\u00adfeld des Ho\u00adhen\u00adwe\u00addels kom\u00admen auch vie\u00adle Sch\u00fc\u00adler zu Fu\u00df, oder sie neh\u00admen bei wei\u00adte\u00adren Stre\u00adcken den Bus, vor al\u00adlem bei mie\u00adsem Wet\u00adter. Vie\u00adlen ist der Weg zur Schu\u00adle auch zu&nbsp;weit.<\/p>\n<p style=\"text-align: justify;\"><strong>&nbsp;<\/strong><strong>\u201eDa wird zu we\u00adnig R\u00fcck\u00adsicht genommen\u201c<\/strong><\/p>\n<p style=\"text-align: justify;\">Den\u00adnoch: Die Be\u00adfrag\u00adten wis\u00adsen, wor\u00ad\u00fcber sie re\u00adden. Schlech\u00adtes Wet\u00adter und wei\u00adte Wege sind nicht al\u00adlei\u00adni\u00adge Gr\u00fcn\u00adde, das Fahr\u00adrad zu Hau\u00adse ste\u00adhen zu las\u00adsen. Vie\u00adle der Be\u00adfrag\u00adten se\u00adhen ein ho\u00adhes Ge\u00adf\u00e4hr\u00addungs\u00adpo\u00adten\u00adzi\u00adal durch an\u00adde\u00adre Fahr\u00adzeu\u00adge im Stra\u00ad\u00dfen\u00adver\u00adkehr. Au\u00adto\u00adfah\u00adrer w\u00fcr\u00adden nicht im\u00admer aus\u00adrei\u00adchend auf Rad\u00adfah\u00adrer ach\u00adten, er\u00adgab die Um\u00adfra\u00adge. \u201eDa wird zu we\u00adnig R\u00fcck\u00adsicht ge\u00adnom\u00admen\u201c, sagt Ole Plo\u00adrin. Ge\u00adra\u00adde jun\u00adge Men\u00adschen f\u00fchl\u00adten sich un\u00adsi\u00adcher, selbst auf Radwegen.<\/p>\n<p style=\"text-align: justify;\">Dass die Rad\u00adwe\u00adge im\u00admer frei be\u00adfahr\u00adbar sind, die\u00adse Aus\u00adsa\u00adge be\u00adkam kaum Zu\u00adstim\u00admung. \u201eTrifft teil\u00adwei\u00adse zu\u201c oder \u201etrifft eher nicht zu\u201c wur\u00adden hier h\u00e4u\u00adfig an\u00adge\u00adkreuzt. Na\u00adhe\u00adzu 500 der Be\u00adfrag\u00adten f\u00e4ll\u00adten f\u00fcr die Stadt\u00adpla\u00adner ein bit\u00adte\u00adres Ur\u00adteil: Sie wur\u00adden ge\u00adfragt, ob die Rad\u00adwe\u00adge in Sta\u00adde si\u00adcher sei\u00aden. Mehr als 500 ant\u00adwor\u00adte\u00adten: mit \u201etrifft teil\u00adwei\u00adse zu\u201c, 100 sag\u00adten \u201etrifft eher nicht zu\u201c. \u00c4hn\u00adli\u00adche Er\u00adgeb\u00adnis\u00adse gab es bei der Aus\u00adsa\u00adge \u201eDen Zu\u00adstand der Rad\u00adwe\u00adge fin\u00adde ich&nbsp;gut.\u201c<\/p>\n<p style=\"text-align: justify;\"><strong>&nbsp;<\/strong><strong>Plo\u00adrin sieht Handlungsbedarf<\/strong><\/p>\n<p style=\"text-align: justify;\">Da be\u00adsteht of\u00adfen\u00adsicht\u00adlich Hand\u00adlungs\u00adbe\u00addarf, teil\u00adwei\u00adse so\u00adgar drin\u00adgen\u00adder, wie Ole Plo\u00adrin aus\u00adf\u00fchr\u00adte. Denn \u00fcber\u00adall auf den We\u00adgen zur Schu\u00adle lau\u00ader\u00adten Ge\u00adfah\u00adren\u00adstel\u00adlen, weil die Rad\u00adwe\u00adge zu eng sind, weil Ein- und Aus\u00adfahr\u00adten un\u00ad\u00fcber\u00adsicht\u00adlich sind, weil Au\u00adtos auf den Rad\u00adwe\u00adgen par\u00adken oder weil sich Fu\u00df\u00adg\u00e4n\u00adger und Rad\u00adfah\u00adrer den knap\u00adpen Raum tei\u00adlen m\u00fcssen.<\/p>\n<p style=\"text-align: justify;\">Be\u00adson\u00adders pre\u00adk\u00e4r, so Plo\u00adrin, sei es zwi\u00adschen dem Krei\u00adsel an der Schif\u00adfer\u00adtors\u00adstra\u00ad\u00dfe Rich\u00adtung Ho\u00adhen\u00adwe\u00adde\u00adler Weg: \u201eIch bin je\u00adden Tag dank\u00adbar, wenn dort nichts pas\u00adsiert.\u201c Hier gehe es bei\u00adna\u00adhe schon kri\u00admi\u00adnell zu den Haupt\u00adzei\u00adten zu, wenn Sch\u00fc\u00adler auch zum <span class=\"caps\">VLG<\/span> und zur <span class=\"caps\">BBS<\/span> wol\u00adlen oder von ih\u00adnen kommen.<\/p>\n<p style=\"text-align: justify;\">Die Er\u00adhe\u00adbung der Schu\u00adle lis\u00adtet 15 Schwach\u00adstel\u00adlen auf. Und sie macht kon\u00adkre\u00adte Vor\u00adschl\u00e4\u00adge, um das Rad\u00adfah\u00adren in der Stadt at\u00adtrak\u00adti\u00adver zu ge\u00adstal\u00adten: Tem\u00adpo 30 in der Stadt, far\u00adbig mar\u00adkier\u00adte und gut aus\u00adge\u00adschil\u00adder\u00adte so\u00adwie bes\u00adser aus\u00adge\u00adleuch\u00adte\u00adte Rad\u00adwe\u00adge, durch\u00adge\u00adhen\u00adde Fahr\u00adrad\u00adschnell\u00adstra\u00ad\u00dfen oder l\u00e4n\u00adge\u00adre gr\u00fc\u00adne Am\u00adpel\u00adpha\u00adsen. Da war\u00adtet noch viel Ar\u00adbeit auf den neu\u00aden Ver\u00adkehrs\u00adpla\u00adner der&nbsp;Stadt.<\/p>\n<p style=\"text-align: justify;\"><strong>&nbsp;<\/strong><strong>Kolk will Rad\u00adver\u00adkehr ent\u00adwi\u00adckeln und ausbauen<\/strong><\/p>\n<p style=\"text-align: justify;\">Gro\u00ad\u00dfes Lob er\u00adhielt der frisch asphal\u00adtier\u00adte Rad\u00adweg von Wie\u00adpen\u00adka\u00adthen nach Thun. Glei\u00adches gilt f\u00fcr die neue Stre\u00adcke von den Schwin\u00adge\u00adwie\u00adsen \u00fcber die Er\u00adlen\u00adin\u00adsel, am Sta\u00adde\u00adum vor\u00adbei bis hin zum <span class=\"caps\">VLG<\/span>. \u201eSol\u00adche Stre\u00adcken sind Gold wert\u201c, so Plo\u00adrin. Und auch, dass die Schu\u00adle neue Rad\u00adun\u00adter\u00adst\u00e4n\u00adde be\u00adkommt, st\u00f6\u00dft auf po\u00adsi\u00adti\u00adve Re\u00adso\u00adnanz. Hier hat die Stadt schnell gehandelt.<\/p>\n<p style=\"text-align: justify;\">Stadt\u00adbau\u00adrat Lars Kolk gab f\u00fcr die Zu\u00adkunft die Rich\u00adtung vor: Das The\u00adma Rad\u00adver\u00adkehr soll ent\u00adwi\u00adckelt und aus\u00adge\u00adbaut wer\u00adden. Das gehe nicht von heu\u00adte auf mor\u00adgen. In Sta\u00adde lie\u00adge der An\u00adteil der Rad\u00adfah\u00adrer bei zehn Pro\u00adzent vom ge\u00adsam\u00adten Ver\u00adkehrs\u00adauf\u00adkom\u00admen. Da sei noch viel Luft nach oben. An\u00adde\u00adre St\u00e4d\u00adte sind bei 30 Pro\u00adzent und&nbsp;mehr.<\/p>\n<p><em>Quel\u00adle: Stader Ta\u00adge\u00adblatt, 20.02.20<\/em><\/p>\n","protected":false},"excerpt":{"rendered":"<p>Von Lars Str\u00fc\u00adning&nbsp; <span class=\"caps\">STADE<\/span>. Eine gro\u00df an\u00adge\u00adleg\u00adte Um\u00adfra\u00adge un\u00adter Sch\u00fc\u00adlern und Leh\u00adrern der <span class=\"caps\">IGS<\/span> am Ho\u00adhen\u00adwe\u00addel legt den Fin\u00adger in die Wun\u00adde und zeigt im Rad\u00adver\u00adkehr in\u00adner\u00adhalb der Stadt gro\u00ad\u00dfe De\u00adfi\u00adzi\u00adte auf. Es gibt aber auch gute Nach\u00adrich\u00adten. Ole Plo\u00adrin ist Leh\u00adrer an der Ge\u00adsamt\u00adschu\u00adle und selbst ak\u00adti\u00adver Fahr\u00adrad\u00adpend\u00adler. Er nahm ge\u00admein\u00adsam mit 52 Kol\u00adle\u00adgen und 730 Sch\u00fc\u00adlern an der&nbsp;<a href=\"https:\/\/www.gesamtschule-stade.de\/?p=11238\">\u2026<\/a><\/p>\n","protected":false},"author":1,"featured_media":3724,"comment_status":"closed","ping_status":"open","sticky":false,"template":"","format":"gallery","meta":{"wp_typography_post_enhancements_disabled":false,"footnotes":""},"categories":[49,48],"tags":[],"class_list":["post-11238","post","type-post","status-publish","format-gallery","has-post-thumbnail","hentry","category-news","category-presse","post_format-post-format-gallery","odd"],"_links":{"self":[{"href":"https:\/\/www.gesamtschule-stade.de\/index.php?rest_route=\/wp\/v2\/posts\/11238","targetHints":{"allow":["GET"]}}],"collection":[{"href":"https:\/\/www.gesamtschule-stade.de\/index.php?rest_route=\/wp\/v2\/posts"}],"about":[{"href":"https:\/\/www.gesamtschule-stade.de\/index.php?rest_route=\/wp\/v2\/types\/post"}],"author":[{"embeddable":true,"href":"https:\/\/www.gesamtschule-stade.de\/index.php?rest_route=\/wp\/v2\/users\/1"}],"replies":[{"embeddable":true,"href":"https:\/\/www.gesamtschule-stade.de\/index.php?rest_route=%2Fwp%2Fv2%2Fcomments&post=11238"}],"version-history":[{"count":4,"href":"https:\/\/www.gesamtschule-stade.de\/index.php?rest_route=\/wp\/v2\/posts\/11238\/revisions"}],"predecessor-version":[{"id":11243,"href":"https:\/\/www.gesamtschule-stade.de\/index.php?rest_route=\/wp\/v2\/posts\/11238\/revisions\/11243"}],"wp:featuredmedia":[{"embeddable":true,"href":"https:\/\/www.gesamtschule-stade.de\/index.php?rest_route=\/wp\/v2\/media\/3724"}],"wp:attachment":[{"href":"https:\/\/www.gesamtschule-stade.de\/index.php?rest_route=%2Fwp%2Fv2%2Fmedia&parent=11238"}],"wp:term":[{"taxonomy":"category","embeddable":true,"href":"https:\/\/www.gesamtschule-stade.de\/index.php?rest_route=%2Fwp%2Fv2%2Fcategories&post=11238"},{"taxonomy":"post_tag","embeddable":true,"href":"https:\/\/www.gesamtschule-stade.de\/index.php?rest_route=%2Fwp%2Fv2%2Ftags&post=11238"}],"curies":[{"name":"wp","href":"https:\/\/api.w.org\/{rel}","templated":true}]}}