{"id":13116,"date":"2022-09-23T15:15:04","date_gmt":"2022-09-23T13:15:04","guid":{"rendered":"https:\/\/www.gesamtschule-stade.de\/?p=13116"},"modified":"2022-09-25T14:25:11","modified_gmt":"2022-09-25T12:25:11","slug":"abiturentlassungsfeier-2019-impressionen-2-2-2-3-3-3-3-3-3-2-2","status":"publish","type":"post","link":"https:\/\/www.gesamtschule-stade.de\/?p=13116","title":{"rendered":"Salibonani bangane! Guten Morgen, Freunde!"},"content":{"rendered":"<h3 style=\"text-align: justify;\">Die ersten Tage der Anbahnungsreise unserer Simbabwe-Schulpartnerschaft<\/h3>\n<p style=\"text-align: justify;\">Von Sams\u00adtag, den 10.9., bis Sams\u00adtag, den 24.9.2022, fin\u00addet der ers\u00adte Teil der An\u00adbah\u00adnungs\u00adrei\u00adsen un\u00adse\u00adrer Sim\u00adbab\u00adwe-Schul\u00adpart\u00adner\u00adschaft statt. Eine De\u00adle\u00adga\u00adti\u00adon von 6 Per\u00adso\u00adnen reist in das Land im S\u00fc\u00adden Afri\u00adkas und be\u00adsucht die Msi\u00adte\u00adli High School: Da\u00adbei sind die Sch\u00fc\u00adle\u00adrin\u00adnen Ida Br\u00fcg\u00admann (10c), Lykka Hor\u00adreis (10e), Ame\u00adlie Kru\u00adse (11c), die Lehr\u00adkr\u00e4f\u00adte Kirs\u00adtin Mboh\u00adwa-Pa\u00adgels und Nele Rie\u00adken so\u00adwie der Schul\u00adlei\u00adter J\u00f6rg Mo\u00adser-Kol\u00adlen\u00adda. Hier ei\u00adni\u00adge Ein\u00addr\u00fc\u00adcke der Reisegruppe:<\/p>\n<p style=\"text-align: justify;\"><strong>Am Sonn\u00adtag, den 11.9.22<\/strong> lan\u00adden wir mit\u00adtags in Vic\u00adto\u00adria Falls. Dort wer\u00adden wir von ei\u00adner ca. 15-k\u00f6p\u00adfi\u00adgen De\u00adle\u00adga\u00adti\u00adon der Schu\u00adle emp\u00adfan\u00adgen: Lehr\u00adkr\u00e4f\u00adte und Sch\u00fcler*innen wa\u00adren mit dem Bus der Schu\u00adle 400 km zum Flug\u00adha\u00adfen ge\u00adfah\u00adren, um uns zu be\u00adgr\u00fc\u00ad\u00dfen und ab\u00adzu\u00adho\u00adlen. Ein wun\u00adder\u00adba\u00adrer Empfang!<\/p>\n<p><img loading=\"lazy\" decoding=\"async\" class=\"aligncenter size-full wp-image-13196\" src=\"https:\/\/www.gesamtschule-stade.de\/wp-content\/uploads\/2022\/09\/Msiteli_High_SchoolIGS-Anbahnungsreise_De-10.jpg\" alt width=\"3984\" height=\"2656\" srcset=\"https:\/\/www.gesamtschule-stade.de\/wp-content\/uploads\/2022\/09\/Msiteli_High_SchoolIGS-Anbahnungsreise_De-10.jpg 3984w, https:\/\/www.gesamtschule-stade.de\/wp-content\/uploads\/2022\/09\/Msiteli_High_SchoolIGS-Anbahnungsreise_De-10-300x200.jpg 300w, https:\/\/www.gesamtschule-stade.de\/wp-content\/uploads\/2022\/09\/Msiteli_High_SchoolIGS-Anbahnungsreise_De-10-1400x933.jpg 1400w, https:\/\/www.gesamtschule-stade.de\/wp-content\/uploads\/2022\/09\/Msiteli_High_SchoolIGS-Anbahnungsreise_De-10-768x512.jpg 768w, https:\/\/www.gesamtschule-stade.de\/wp-content\/uploads\/2022\/09\/Msiteli_High_SchoolIGS-Anbahnungsreise_De-10-1536x1024.jpg 1536w, https:\/\/www.gesamtschule-stade.de\/wp-content\/uploads\/2022\/09\/Msiteli_High_SchoolIGS-Anbahnungsreise_De-10-2048x1365.jpg 2048w, https:\/\/www.gesamtschule-stade.de\/wp-content\/uploads\/2022\/09\/Msiteli_High_SchoolIGS-Anbahnungsreise_De-10-150x100.jpg 150w\" sizes=\"auto, (max-width: 3984px) 100vw, 3984px\"><\/p>\n<pre>Unsere Begr\u00fc\u00dfung in Viktoria Falls<\/pre>\n<p style=\"text-align: justify;\">Ge\u00admein\u00adsam fah\u00adren wir mit dem Schul\u00adbus nach Bulawayo.<br>\nDie Son\u00adne ist be\u00adreits un\u00adter\u00adge\u00adgan\u00adgen, als wir \u2014 am Ende ei\u00adner ins\u00adge\u00adsamt 30-st\u00fcn\u00addi\u00adgen Rei\u00adse \u2014 er\u00adsch\u00f6pft und gl\u00fcck\u00adlich im \u201eNju\u00adbe Youth Cent\u00adre\u201c un\u00adse\u00adre Zim\u00admer be\u00adzie\u00adhen. Die\u00adses Ju\u00adgend\u00adzen\u00adtrum mit \u00dcber\u00adnach\u00adtungs\u00adm\u00f6g\u00adlich\u00adkeit ist eine Ein\u00adrich\u00adtung der \u201eEvan\u00adge\u00adlisch-Lu\u00adthe\u00adri\u00adschen Kir\u00adchen\u00adge\u00admein\u00adde Bu\u00adla\u00adwayo\u201c und wird f\u00fcr Work\u00adshops, Be\u00adrufs\u00advor\u00adbe\u00adrei\u00adtungs\u00adkur\u00adse und Nach\u00adhil\u00adfe\u00adun\u00adter\u00adricht genutzt.<\/p>\n<p style=\"text-align: justify;\"><strong>Am Mon\u00adtag (12.9.)<\/strong> der ers\u00adte Be\u00adsuch an un\u00adse\u00adrer Partnerschule:<\/p>\n<p><img loading=\"lazy\" decoding=\"async\" class=\"aligncenter size-full wp-image-13197\" src=\"https:\/\/www.gesamtschule-stade.de\/wp-content\/uploads\/2022\/09\/Msiteli_High_SchoolIGS-Anbahnungsreise_De-11.jpg\" alt width=\"3984\" height=\"2656\" srcset=\"https:\/\/www.gesamtschule-stade.de\/wp-content\/uploads\/2022\/09\/Msiteli_High_SchoolIGS-Anbahnungsreise_De-11.jpg 3984w, https:\/\/www.gesamtschule-stade.de\/wp-content\/uploads\/2022\/09\/Msiteli_High_SchoolIGS-Anbahnungsreise_De-11-300x200.jpg 300w, https:\/\/www.gesamtschule-stade.de\/wp-content\/uploads\/2022\/09\/Msiteli_High_SchoolIGS-Anbahnungsreise_De-11-1400x933.jpg 1400w, https:\/\/www.gesamtschule-stade.de\/wp-content\/uploads\/2022\/09\/Msiteli_High_SchoolIGS-Anbahnungsreise_De-11-768x512.jpg 768w, https:\/\/www.gesamtschule-stade.de\/wp-content\/uploads\/2022\/09\/Msiteli_High_SchoolIGS-Anbahnungsreise_De-11-1536x1024.jpg 1536w, https:\/\/www.gesamtschule-stade.de\/wp-content\/uploads\/2022\/09\/Msiteli_High_SchoolIGS-Anbahnungsreise_De-11-2048x1365.jpg 2048w, https:\/\/www.gesamtschule-stade.de\/wp-content\/uploads\/2022\/09\/Msiteli_High_SchoolIGS-Anbahnungsreise_De-11-150x100.jpg 150w\" sizes=\"auto, (max-width: 3984px) 100vw, 3984px\"><\/p>\n<p><img loading=\"lazy\" decoding=\"async\" class=\"aligncenter size-full wp-image-13198\" src=\"https:\/\/www.gesamtschule-stade.de\/wp-content\/uploads\/2022\/09\/Msiteli_High_SchoolIGS-Anbahnungsreise_De-12.jpg\" alt width=\"3952\" height=\"1824\" srcset=\"https:\/\/www.gesamtschule-stade.de\/wp-content\/uploads\/2022\/09\/Msiteli_High_SchoolIGS-Anbahnungsreise_De-12.jpg 3952w, https:\/\/www.gesamtschule-stade.de\/wp-content\/uploads\/2022\/09\/Msiteli_High_SchoolIGS-Anbahnungsreise_De-12-300x138.jpg 300w, https:\/\/www.gesamtschule-stade.de\/wp-content\/uploads\/2022\/09\/Msiteli_High_SchoolIGS-Anbahnungsreise_De-12-1400x646.jpg 1400w, https:\/\/www.gesamtschule-stade.de\/wp-content\/uploads\/2022\/09\/Msiteli_High_SchoolIGS-Anbahnungsreise_De-12-768x354.jpg 768w, https:\/\/www.gesamtschule-stade.de\/wp-content\/uploads\/2022\/09\/Msiteli_High_SchoolIGS-Anbahnungsreise_De-12-1536x709.jpg 1536w, https:\/\/www.gesamtschule-stade.de\/wp-content\/uploads\/2022\/09\/Msiteli_High_SchoolIGS-Anbahnungsreise_De-12-2048x945.jpg 2048w, https:\/\/www.gesamtschule-stade.de\/wp-content\/uploads\/2022\/09\/Msiteli_High_SchoolIGS-Anbahnungsreise_De-12-150x69.jpg 150w\" sizes=\"auto, (max-width: 3952px) 100vw, 3952px\"><\/p>\n<p><img loading=\"lazy\" decoding=\"async\" class=\"aligncenter size-full wp-image-13199\" src=\"https:\/\/www.gesamtschule-stade.de\/wp-content\/uploads\/2022\/09\/Msiteli_High_SchoolIGS-Anbahnungsreise_De-13.jpg\" alt width=\"3551\" height=\"1753\" srcset=\"https:\/\/www.gesamtschule-stade.de\/wp-content\/uploads\/2022\/09\/Msiteli_High_SchoolIGS-Anbahnungsreise_De-13.jpg 3551w, https:\/\/www.gesamtschule-stade.de\/wp-content\/uploads\/2022\/09\/Msiteli_High_SchoolIGS-Anbahnungsreise_De-13-300x148.jpg 300w, https:\/\/www.gesamtschule-stade.de\/wp-content\/uploads\/2022\/09\/Msiteli_High_SchoolIGS-Anbahnungsreise_De-13-1400x691.jpg 1400w, https:\/\/www.gesamtschule-stade.de\/wp-content\/uploads\/2022\/09\/Msiteli_High_SchoolIGS-Anbahnungsreise_De-13-768x379.jpg 768w, https:\/\/www.gesamtschule-stade.de\/wp-content\/uploads\/2022\/09\/Msiteli_High_SchoolIGS-Anbahnungsreise_De-13-1536x758.jpg 1536w, https:\/\/www.gesamtschule-stade.de\/wp-content\/uploads\/2022\/09\/Msiteli_High_SchoolIGS-Anbahnungsreise_De-13-2048x1011.jpg 2048w, https:\/\/www.gesamtschule-stade.de\/wp-content\/uploads\/2022\/09\/Msiteli_High_SchoolIGS-Anbahnungsreise_De-13-150x74.jpg 150w\" sizes=\"auto, (max-width: 3551px) 100vw, 3551px\"><\/p>\n<pre>Blick auf den Schulhof<\/pre>\n<p style=\"text-align: justify;\">Die Msi\u00adte\u00adli High School liegt in ei\u00adnem Vor\u00adort der Stadt. Sie hat 1842 Sch\u00fcler*innen und 60 Lehr\u00adkr\u00e4f\u00adte. Zur Zeit l\u00e4uft die Schu\u00adle im Zwei-Schicht-Be\u00adtrieb: Die eine H\u00e4lf\u00adte der Sch\u00fcler*innen kommt von 8 \u2014 12 Uhr, die zwei\u00adte von 12 bis 16 Uhr. Nur die Oberstufensch\u00fcler*innen sind den gan\u00adzen Tag&nbsp;da.<br>\nAuch an der Schu\u00adle ist die Be\u00adgr\u00fc\u00ad\u00dfung f\u00fcr uns \u00fcber\u00adw\u00e4l\u00adti\u00adgend. Vie\u00adle Per\u00adso\u00adnen wer\u00adden uns vor\u00adge\u00adstellt und zei\u00adgen sich sehr er\u00adfreut \u00fcber un\u00adse\u00adren Be\u00adsuch. Be\u00adson\u00adders her\u00advor\u00adge\u00adho\u00adben wird im\u00admer wie\u00adder, dass wir uns auf ei\u00adnen so wei\u00adten Weg ge\u00admacht ha\u00adben, um die Schul\u00adge\u00admein\u00adde zu besuchen.<br>\nWir ma\u00adchen ei\u00adnen Schul\u00adrund\u00adgang, ler\u00adnen die ver\u00adschie\u00adde\u00adnen Fach\u00adbe\u00adrei\u00adche der Schu\u00adle ken\u00adnen. Eine F\u00fcl\u00adle von Ein\u00addr\u00fc\u00adcken str\u00f6mt auf uns ein. Die Schu\u00adle be\u00adsteht aus ein\u00adst\u00f6\u00adcki\u00adgen Ge\u00adb\u00e4u\u00adden, die Ende der 1950er Jah\u00adre er\u00adrich\u00adtet wur\u00adden. In der Mit\u00adte ein sch\u00f6n an\u00adge\u00adleg\u00adter Schul\u00adhof. Die Aus\u00adstat\u00adtung ist schlicht und gr\u00f6\u00df\u00adten\u00adteils sehr alt. In den j\u00fcn\u00adge\u00adren Klas\u00adsen sit\u00adzen bis zu 50 Kin\u00adder \u2014 alle in ei\u00adner recht schi\u00adcken Schuluniform.<\/p>\n<p style=\"text-align: justify;\"><img loading=\"lazy\" decoding=\"async\" class=\"aligncenter size-full wp-image-13110\" src=\"https:\/\/www.gesamtschule-stade.de\/wp-content\/uploads\/2022\/09\/Msiteli_High_SchoolIGS-Anbahnungsreise_De-04.jpg\" alt width=\"3952\" height=\"1824\" srcset=\"https:\/\/www.gesamtschule-stade.de\/wp-content\/uploads\/2022\/09\/Msiteli_High_SchoolIGS-Anbahnungsreise_De-04.jpg 3952w, https:\/\/www.gesamtschule-stade.de\/wp-content\/uploads\/2022\/09\/Msiteli_High_SchoolIGS-Anbahnungsreise_De-04-300x138.jpg 300w, https:\/\/www.gesamtschule-stade.de\/wp-content\/uploads\/2022\/09\/Msiteli_High_SchoolIGS-Anbahnungsreise_De-04-1400x646.jpg 1400w, https:\/\/www.gesamtschule-stade.de\/wp-content\/uploads\/2022\/09\/Msiteli_High_SchoolIGS-Anbahnungsreise_De-04-768x354.jpg 768w, https:\/\/www.gesamtschule-stade.de\/wp-content\/uploads\/2022\/09\/Msiteli_High_SchoolIGS-Anbahnungsreise_De-04-1536x709.jpg 1536w, https:\/\/www.gesamtschule-stade.de\/wp-content\/uploads\/2022\/09\/Msiteli_High_SchoolIGS-Anbahnungsreise_De-04-2048x945.jpg 2048w, https:\/\/www.gesamtschule-stade.de\/wp-content\/uploads\/2022\/09\/Msiteli_High_SchoolIGS-Anbahnungsreise_De-04-150x69.jpg 150w\" sizes=\"auto, (max-width: 3952px) 100vw, 3952px\"><\/p>\n<pre>Im Geschichtsunterricht von Mr. TG<\/pre>\n<p style=\"text-align: justify;\"><span class=\"dquo\">\u201e<\/span>Sehr span\u00adnend fand ich den Um\u00adgang zwi\u00adschen den Lehr\u00adkr\u00e4f\u00adten und ih\u00adren Sch\u00fc\u00adle\u00adrin\u00adnen und Sch\u00fc\u00adlern. Ei\u00adner\u00adseits ist der sehr lo\u00adcker und oft auch hu\u00admor\u00advoll. Gleich\u00adzei\u00adtig ha\u00adben die Lehr\u00adkr\u00e4f\u00adte aber eine gro\u00ad\u00dfe Au\u00adto\u00adri\u00adt\u00e4t.\u201c, sagt Ida Br\u00fcgmann.<br>\nEs gibt eine klei\u00adne Schul\u00adk\u00fc\u00adche, die nor\u00adma\u00adler\u00adwei\u00adse nur f\u00fcr den Koch\u00adun\u00adter\u00adricht ge\u00adnutzt wird. W\u00e4h\u00adrend un\u00adse\u00adres Auf\u00adent\u00adhalts in der Schu\u00adle wer\u00adden wir hier f\u00fcrst\u00adlich bekocht.<br>\nAm Nach\u00admit\u00adtag gibt es den ers\u00adten Work\u00adshop ge\u00admein\u00adsam mit den Lehr\u00adkr\u00e4f\u00adten und Sch\u00fcler*innen, die uns sp\u00e4\u00adter in Deutsch\u00adland be\u00adsu\u00adchen wer\u00adden. Da\u00adbei geht es vor al\u00adlem um das ge\u00adgen\u00adsei\u00adti\u00adge Kennenlernen.<\/p>\n<p style=\"text-align: justify;\"><img loading=\"lazy\" decoding=\"async\" class=\"aligncenter size-full wp-image-13109\" src=\"https:\/\/www.gesamtschule-stade.de\/wp-content\/uploads\/2022\/09\/Msiteli_High_SchoolIGS-Anbahnungsreise_De-03.jpg\" alt width=\"3952\" height=\"1824\" srcset=\"https:\/\/www.gesamtschule-stade.de\/wp-content\/uploads\/2022\/09\/Msiteli_High_SchoolIGS-Anbahnungsreise_De-03.jpg 3952w, https:\/\/www.gesamtschule-stade.de\/wp-content\/uploads\/2022\/09\/Msiteli_High_SchoolIGS-Anbahnungsreise_De-03-300x138.jpg 300w, https:\/\/www.gesamtschule-stade.de\/wp-content\/uploads\/2022\/09\/Msiteli_High_SchoolIGS-Anbahnungsreise_De-03-1400x646.jpg 1400w, https:\/\/www.gesamtschule-stade.de\/wp-content\/uploads\/2022\/09\/Msiteli_High_SchoolIGS-Anbahnungsreise_De-03-768x354.jpg 768w, https:\/\/www.gesamtschule-stade.de\/wp-content\/uploads\/2022\/09\/Msiteli_High_SchoolIGS-Anbahnungsreise_De-03-1536x709.jpg 1536w, https:\/\/www.gesamtschule-stade.de\/wp-content\/uploads\/2022\/09\/Msiteli_High_SchoolIGS-Anbahnungsreise_De-03-2048x945.jpg 2048w, https:\/\/www.gesamtschule-stade.de\/wp-content\/uploads\/2022\/09\/Msiteli_High_SchoolIGS-Anbahnungsreise_De-03-150x69.jpg 150w\" sizes=\"auto, (max-width: 3952px) 100vw, 3952px\"><\/p>\n<pre>In der Bibliothek<\/pre>\n<p style=\"text-align: justify;\"><strong>Am Diens\u00adtag (13.9.)<\/strong> ha\u00adben wir Ge\u00adle\u00adgen\u00adheit zu l\u00e4n\u00adge\u00adren Un\u00adter\u00adrichts\u00adbe\u00adsich\u00adti\u00adgun\u00adgen. Un\u00adse\u00adre Sch\u00fcler*innen ge\u00adhen mit ih\u00adren Austauschpartner*innen mit und er\u00adle\u00adben ei\u00adnen nor\u00adma\u00adlen Schul\u00adall\u00adtag, wo sie sehr herz\u00adlich emp\u00adfan\u00adgen wer\u00adden. \u201eVer\u00adbl\u00fcf\u00adfend ist die\u00adse Of\u00adfen\u00adheit und Freund\u00adlich\u00adkeit der Ju\u00adgend\u00adli\u00adchen hier. Sehr vie\u00adle Leu\u00adte ge\u00adhen di\u00adrekt auf dich zu und wol\u00adlen dich ken\u00adnen ler\u00adnen.\u201c, sagt Lykka Horreis.<br>\nBei den Un\u00adter\u00adrichts\u00adin\u00adhal\u00adten und Ar\u00adbeits\u00adme\u00adtho\u00adden gibt es vie\u00adle Par\u00adal\u00adle\u00adlen. Auch der F\u00e4\u00adcher\u00adka\u00adnon ist in wei\u00adten Tei\u00adlen \u00e4hn\u00adlich wie der deut\u00adsche. Nur in der Ober\u00adstu\u00adfe gibt es eine viel st\u00e4r\u00adke\u00adre Spe\u00adzia\u00adli\u00adsie\u00adrung: Die Ent\u00adschei\u00addung f\u00fcr ein Stu\u00addi\u00adum bzw. eine Be\u00adrufs\u00adaus\u00adbil\u00addung muss da\u00adher deut\u00adlich fr\u00fc\u00adher er\u00adfol\u00adgen als in Deutschland.<\/p>\n<p style=\"text-align: justify;\"><img loading=\"lazy\" decoding=\"async\" class=\"aligncenter size-full wp-image-13108\" src=\"https:\/\/www.gesamtschule-stade.de\/wp-content\/uploads\/2022\/09\/Msiteli_High_SchoolIGS-Anbahnungsreise_De-02.jpg\" alt width=\"3952\" height=\"1824\" srcset=\"https:\/\/www.gesamtschule-stade.de\/wp-content\/uploads\/2022\/09\/Msiteli_High_SchoolIGS-Anbahnungsreise_De-02.jpg 3952w, https:\/\/www.gesamtschule-stade.de\/wp-content\/uploads\/2022\/09\/Msiteli_High_SchoolIGS-Anbahnungsreise_De-02-300x138.jpg 300w, https:\/\/www.gesamtschule-stade.de\/wp-content\/uploads\/2022\/09\/Msiteli_High_SchoolIGS-Anbahnungsreise_De-02-1400x646.jpg 1400w, https:\/\/www.gesamtschule-stade.de\/wp-content\/uploads\/2022\/09\/Msiteli_High_SchoolIGS-Anbahnungsreise_De-02-768x354.jpg 768w, https:\/\/www.gesamtschule-stade.de\/wp-content\/uploads\/2022\/09\/Msiteli_High_SchoolIGS-Anbahnungsreise_De-02-1536x709.jpg 1536w, https:\/\/www.gesamtschule-stade.de\/wp-content\/uploads\/2022\/09\/Msiteli_High_SchoolIGS-Anbahnungsreise_De-02-2048x945.jpg 2048w, https:\/\/www.gesamtschule-stade.de\/wp-content\/uploads\/2022\/09\/Msiteli_High_SchoolIGS-Anbahnungsreise_De-02-150x69.jpg 150w\" sizes=\"auto, (max-width: 3952px) 100vw, 3952px\"><\/p>\n<pre>Pr\u00e4sentation eines selbst konstruierten Elektroautos<\/pre>\n<p style=\"text-align: justify;\">Auf\u00adfal\u00adlen\u00adder Un\u00adter\u00adschied im Un\u00adter\u00adricht al\u00adler Jahr\u00adg\u00e4n\u00adge: Es wird kaum mit B\u00fc\u00adchern ge\u00adar\u00adbei\u00adtet. Statt\u00addes\u00adsen gibt es vor al\u00adlem Dik\u00adta\u00adte und Ta\u00adfel\u00adan\u00adschrie\u00adbe. Die Sch\u00fcler*innen schrei\u00adben sehr&nbsp;viel.<br>\nAm Nach\u00admit\u00adtag fah\u00adren wir mit dem klei\u00adnen Bus der Schu\u00adle in die Stadt. Auf dem Pro\u00adgramm steht ein Be\u00adsuch im Mi\u00adnis\u00adte\u00adri\u00adum: Die De\u00adzer\u00adnen\u00adtin, die f\u00fcr die staat\u00adli\u00adchen Schu\u00adlen in Bu\u00adla\u00adwayo ver\u00adant\u00adwort\u00adlich ist, be\u00adgr\u00fc\u00dft uns eben\u00adfalls sehr freund\u00adlich und wir er\u00adfah\u00adren, dass wir der ers\u00adte in\u00adter\u00adna\u00adtio\u00adna\u00adle Aus\u00adtausch der staat\u00adli\u00adchen Schu\u00adlen in der Stadt&nbsp;sind.<\/p>\n<p style=\"text-align: justify;\"><img loading=\"lazy\" decoding=\"async\" class=\"aligncenter size-full wp-image-13111\" src=\"https:\/\/www.gesamtschule-stade.de\/wp-content\/uploads\/2022\/09\/Msiteli_High_SchoolIGS-Anbahnungsreise_De-05.jpg\" alt width=\"3952\" height=\"1824\" srcset=\"https:\/\/www.gesamtschule-stade.de\/wp-content\/uploads\/2022\/09\/Msiteli_High_SchoolIGS-Anbahnungsreise_De-05.jpg 3952w, https:\/\/www.gesamtschule-stade.de\/wp-content\/uploads\/2022\/09\/Msiteli_High_SchoolIGS-Anbahnungsreise_De-05-300x138.jpg 300w, https:\/\/www.gesamtschule-stade.de\/wp-content\/uploads\/2022\/09\/Msiteli_High_SchoolIGS-Anbahnungsreise_De-05-1400x646.jpg 1400w, https:\/\/www.gesamtschule-stade.de\/wp-content\/uploads\/2022\/09\/Msiteli_High_SchoolIGS-Anbahnungsreise_De-05-768x354.jpg 768w, https:\/\/www.gesamtschule-stade.de\/wp-content\/uploads\/2022\/09\/Msiteli_High_SchoolIGS-Anbahnungsreise_De-05-1536x709.jpg 1536w, https:\/\/www.gesamtschule-stade.de\/wp-content\/uploads\/2022\/09\/Msiteli_High_SchoolIGS-Anbahnungsreise_De-05-2048x945.jpg 2048w, https:\/\/www.gesamtschule-stade.de\/wp-content\/uploads\/2022\/09\/Msiteli_High_SchoolIGS-Anbahnungsreise_De-05-150x69.jpg 150w\" sizes=\"auto, (max-width: 3952px) 100vw, 3952px\"><\/p>\n<pre>Ministeriumsbesuch<\/pre>\n<p style=\"text-align: justify;\">An\u00adschlie\u00ad\u00dfend f\u00e4hrt uns der Schul\u00adlei\u00adter der Msi\u00adte\u00adli High School noch ein we\u00adnig durch die City. Wir se\u00adhen eine sehr le\u00adben\u00addi\u00adge Gro\u00df\u00adstadt, die bei al\u00adlem Le\u00adben nicht hek\u00adtisch er\u00adscheint. Vor dem Rat\u00adhaus der Stadt, ein im\u00adpo\u00adsan\u00adter Bau aus der Ko\u00adlo\u00adni\u00adal\u00adzeit, ist un\u00adser ers\u00adter Halt: Wir spa\u00adzie\u00adren um den Bau her\u00adum und schlen\u00addern \u00fcber ei\u00adnen Souvenirmarkt.<br>\nBe\u00adson\u00adders be\u00adein\u00addru\u00adckend sind die vie\u00adlen Stra\u00ad\u00dfen\u00adm\u00e4rk\u00adte, auf de\u00adnen man of\u00adfen\u00adsicht\u00adlich al\u00adles be\u00adkom\u00admen kann, was das Herz begehrt.<br>\nSim\u00adbab\u00adwe lei\u00addet seit ge\u00adrau\u00admer Zeit un\u00adter ei\u00adner star\u00adken In\u00adfla\u00adti\u00adon. Des\u00adhalb wird beim Ein\u00adkauf ne\u00adben der ein\u00adhei\u00admi\u00adschen W\u00e4h\u00adrung auch noch die s\u00fcd\u00adafri\u00adka\u00adni\u00adsche und die US-ame\u00adri\u00adka\u00adni\u00adsche ge\u00adnutzt. Trotz die\u00adser wirt\u00adschaft\u00adli\u00adchen Schwie\u00adrig\u00adkei\u00adten sind die Re\u00adga\u00adle in den Su\u00adper\u00adm\u00e4rk\u00adten gut gef\u00fcllt.<\/p>\n<p style=\"text-align: justify;\"><strong>Am Mitt\u00adwoch (14.9)<\/strong> fin\u00addet \u2014 wie je\u00adden Mitt\u00adwoch \u2014 zur Mit\u00adtags\u00adzeit eine Voll\u00adver\u00adsamm\u00adlung in der Msi\u00adte\u00adli High School statt. Alle Sch\u00fc\u00adle\u00adrin\u00adnen und Sch\u00fc\u00adler (so\u00adwohl die, die vor\u00admit\u00adtags Un\u00adter\u00adricht ha\u00adben, als auch die Nach\u00admit\u00adtags\u00adschicht) kom\u00admen f\u00fcr etwa 40 Mi\u00adnu\u00adten auf dem Schul\u00adhof zu\u00adsam\u00admen. Hier zeigt sich, dass auch staat\u00adli\u00adche Schu\u00adlen in Sim\u00adbab\u00adwe sehr christ\u00adlich sind: Teil der Ver\u00adsamm\u00adlung ist Lob\u00adge\u00adsang und eine feu\u00adri\u00adge Pre\u00addigt ei\u00adnes Leh\u00adrers mit ab\u00adschlie\u00ad\u00dfen\u00addem ge\u00admein\u00adsa\u00admen Vater-Unser-Gebet.<\/p>\n<p style=\"text-align: justify;\"><img loading=\"lazy\" decoding=\"async\" class=\"aligncenter size-full wp-image-13113\" src=\"https:\/\/www.gesamtschule-stade.de\/wp-content\/uploads\/2022\/09\/Msiteli_High_SchoolIGS-Anbahnungsreise_De-07.jpg\" alt width=\"3952\" height=\"1824\" srcset=\"https:\/\/www.gesamtschule-stade.de\/wp-content\/uploads\/2022\/09\/Msiteli_High_SchoolIGS-Anbahnungsreise_De-07.jpg 3952w, https:\/\/www.gesamtschule-stade.de\/wp-content\/uploads\/2022\/09\/Msiteli_High_SchoolIGS-Anbahnungsreise_De-07-300x138.jpg 300w, https:\/\/www.gesamtschule-stade.de\/wp-content\/uploads\/2022\/09\/Msiteli_High_SchoolIGS-Anbahnungsreise_De-07-1400x646.jpg 1400w, https:\/\/www.gesamtschule-stade.de\/wp-content\/uploads\/2022\/09\/Msiteli_High_SchoolIGS-Anbahnungsreise_De-07-768x354.jpg 768w, https:\/\/www.gesamtschule-stade.de\/wp-content\/uploads\/2022\/09\/Msiteli_High_SchoolIGS-Anbahnungsreise_De-07-1536x709.jpg 1536w, https:\/\/www.gesamtschule-stade.de\/wp-content\/uploads\/2022\/09\/Msiteli_High_SchoolIGS-Anbahnungsreise_De-07-2048x945.jpg 2048w, https:\/\/www.gesamtschule-stade.de\/wp-content\/uploads\/2022\/09\/Msiteli_High_SchoolIGS-Anbahnungsreise_De-07-150x69.jpg 150w\" sizes=\"auto, (max-width: 3952px) 100vw, 3952px\"><\/p>\n<pre>Schulversammnlung<\/pre>\n<p style=\"text-align: justify;\">Au\u00ad\u00dfer\u00addem gibt es eine be\u00adein\u00addru\u00adcken\u00adde Ge\u00adsangs\u00addar\u00adbie\u00adtung mit Mbi\u00adra, ei\u00adnem tra\u00addi\u00adtio\u00adnel\u00adlen afri\u00adka\u00adni\u00adschen Dau\u00adm\u00aden\u00adkla\u00advier. Im\u00admer wie\u00adder wird viel ge\u00adju\u00adbelt, ge\u00adlacht und ge\u00adklatscht. Herr Vund\u00adla, der Schul\u00adlei\u00adter, er\u00adweist sich als gro\u00ad\u00dfer Entertainer.<br>\nBe\u00adson\u00adders eu\u00adpho\u00adrisch ist dann die Be\u00adgr\u00fc\u00ad\u00dfung der G\u00e4s\u00adte aus der <span class=\"caps\">IGS<\/span> Sta\u00adde (sprich: Ai-Dschi-Es Stad). Wir d\u00fcr\u00adfen ne\u00adben dem Schul\u00adlei\u00adter an ei\u00adner Ta\u00adfel auf der B\u00fch\u00adne sit\u00adzen und wer\u00adden ein\u00adzeln vor\u00adge\u00adstellt. Auch bei der \u00dcber\u00adga\u00adbe der Gast\u00adge\u00adschen\u00adke gibt es gro\u00ad\u00dfen Ju\u00adbel. Im R\u00fcck\u00adblick sagt Ame\u00adlie Kru\u00adse: \u201eIn die\u00adser Schul\u00adver\u00adsamm\u00adlung gab es vie\u00adle G\u00e4n\u00adse\u00adhaut\u00admo\u00admen\u00adte. Die\u00adse En\u00ader\u00adgie und die\u00adser Zu\u00adsam\u00admen\u00adhalt der Schu\u00adle sind ex\u00adtrem beeindruckend.\u201c<\/p>\n<p style=\"text-align: justify;\"><img loading=\"lazy\" decoding=\"async\" class=\"aligncenter size-full wp-image-13114\" src=\"https:\/\/www.gesamtschule-stade.de\/wp-content\/uploads\/2022\/09\/Msiteli_High_SchoolIGS-Anbahnungsreise_De-08.jpg\" alt width=\"3952\" height=\"1824\" srcset=\"https:\/\/www.gesamtschule-stade.de\/wp-content\/uploads\/2022\/09\/Msiteli_High_SchoolIGS-Anbahnungsreise_De-08.jpg 3952w, https:\/\/www.gesamtschule-stade.de\/wp-content\/uploads\/2022\/09\/Msiteli_High_SchoolIGS-Anbahnungsreise_De-08-300x138.jpg 300w, https:\/\/www.gesamtschule-stade.de\/wp-content\/uploads\/2022\/09\/Msiteli_High_SchoolIGS-Anbahnungsreise_De-08-1400x646.jpg 1400w, https:\/\/www.gesamtschule-stade.de\/wp-content\/uploads\/2022\/09\/Msiteli_High_SchoolIGS-Anbahnungsreise_De-08-768x354.jpg 768w, https:\/\/www.gesamtschule-stade.de\/wp-content\/uploads\/2022\/09\/Msiteli_High_SchoolIGS-Anbahnungsreise_De-08-1536x709.jpg 1536w, https:\/\/www.gesamtschule-stade.de\/wp-content\/uploads\/2022\/09\/Msiteli_High_SchoolIGS-Anbahnungsreise_De-08-2048x945.jpg 2048w, https:\/\/www.gesamtschule-stade.de\/wp-content\/uploads\/2022\/09\/Msiteli_High_SchoolIGS-Anbahnungsreise_De-08-150x69.jpg 150w\" sizes=\"auto, (max-width: 3952px) 100vw, 3952px\"><\/p>\n<pre>Begr\u00fc\u00dfung der G\u00e4ste aus Europa<\/pre>\n<p style=\"text-align: justify;\">Am Nach\u00admit\u00adtag folgt ein Work\u00adshop zur Vor\u00adbe\u00adrei\u00adtung der Auf\u00adnah\u00adme in die Gast\u00adfa\u00admi\u00adli\u00aden: An den fol\u00adgen\u00adden Ta\u00adgen sol\u00adlen alle Rei\u00adsen\u00adden in sim\u00adbab\u00adwi\u00adsche Gast\u00adfa\u00admi\u00adli\u00aden auf\u00adge\u00adnom\u00admen wer\u00adden. Do\u2019s und Don\u2019t\u2019s wer\u00adden be\u00adspro\u00adchen. Wir ler\u00adnen, uns auf Nde\u00adbe\u00adle (eine der bei\u00adden gro\u00ad\u00dfen Lan\u00addes\u00adspra\u00adchen) zu be\u00addan\u00adken und wir wer\u00adden dar\u00adauf hin\u00adge\u00adwie\u00adsen, dass es in den Fa\u00admi\u00adli\u00aden noch recht tra\u00addi\u00adtio\u00adnel\u00adle Rol\u00adlen\u00adbil\u00adder und Er\u00adwar\u00adtun\u00adgen ge\u00adben k\u00f6nnte.<br>\nIn den ers\u00adten Ta\u00adgen ha\u00adben wir schon vie\u00adle span\u00adnen\u00adde Ein\u00addr\u00fc\u00adcke ge\u00adwon\u00adnen und vie\u00adles ge\u00adlernt. Jetzt sind wir vol\u00adler Vor\u00adfreu\u00adde und Neu\u00adgier auf die n\u00e4chs\u00adten&nbsp;Tage.<\/p>\n","protected":false},"excerpt":{"rendered":"<p>Die ers\u00adten Tage der An\u00adbah\u00adnungs\u00adrei\u00adse un\u00adse\u00adrer Sim\u00adbab\u00adwe-Schul\u00adpart\u00adner\u00adschaft Von Sams\u00adtag, den 10.9., bis Sams\u00adtag, den 24.9.2022, fin\u00addet der ers\u00adte Teil der An\u00adbah\u00adnungs\u00adrei\u00adsen un\u00adse\u00adrer Sim\u00ad\u00adba\u00adb\u00ad\u00adwe-Schul\u00ad\u00adpar\u00adt\u00ad\u00adner\u00ad\u00adschaft statt. Eine De\u00adle\u00adga\u00adti\u00adon von 6 Per\u00adso\u00adnen reist in das Land im S\u00fc\u00adden Afri\u00adkas und be\u00adsucht die Msi\u00adte\u00adli High School: Da\u00adbei sind die Sch\u00fc\u00adle\u00adrin\u00adnen Ida Br\u00fcg\u00admann (10c), Lykka Hor\u00adreis (10e), Ame\u00adlie Kru\u00adse (11c), die Lehr\u00adkr\u00e4f\u00adte Kirs\u00adtin Mboh\u00ad\u00adwa-Pa\u00ad\u00adgels und&nbsp;<a href=\"https:\/\/www.gesamtschule-stade.de\/?p=13116\">\u2026<\/a><\/p>\n","protected":false},"author":1,"featured_media":13115,"comment_status":"closed","ping_status":"closed","sticky":false,"template":"","format":"aside","meta":{"wp_typography_post_enhancements_disabled":false,"footnotes":""},"categories":[168,49,45,186],"tags":[],"class_list":["post-13116","post","type-post","status-publish","format-aside","has-post-thumbnail","hentry","category-fahrten","category-news","category-schulleben","category-schulpartnerschaft","post_format-post-format-aside","odd"],"_links":{"self":[{"href":"https:\/\/www.gesamtschule-stade.de\/index.php?rest_route=\/wp\/v2\/posts\/13116","targetHints":{"allow":["GET"]}}],"collection":[{"href":"https:\/\/www.gesamtschule-stade.de\/index.php?rest_route=\/wp\/v2\/posts"}],"about":[{"href":"https:\/\/www.gesamtschule-stade.de\/index.php?rest_route=\/wp\/v2\/types\/post"}],"author":[{"embeddable":true,"href":"https:\/\/www.gesamtschule-stade.de\/index.php?rest_route=\/wp\/v2\/users\/1"}],"replies":[{"embeddable":true,"href":"https:\/\/www.gesamtschule-stade.de\/index.php?rest_route=%2Fwp%2Fv2%2Fcomments&post=13116"}],"version-history":[{"count":15,"href":"https:\/\/www.gesamtschule-stade.de\/index.php?rest_route=\/wp\/v2\/posts\/13116\/revisions"}],"predecessor-version":[{"id":13203,"href":"https:\/\/www.gesamtschule-stade.de\/index.php?rest_route=\/wp\/v2\/posts\/13116\/revisions\/13203"}],"wp:featuredmedia":[{"embeddable":true,"href":"https:\/\/www.gesamtschule-stade.de\/index.php?rest_route=\/wp\/v2\/media\/13115"}],"wp:attachment":[{"href":"https:\/\/www.gesamtschule-stade.de\/index.php?rest_route=%2Fwp%2Fv2%2Fmedia&parent=13116"}],"wp:term":[{"taxonomy":"category","embeddable":true,"href":"https:\/\/www.gesamtschule-stade.de\/index.php?rest_route=%2Fwp%2Fv2%2Fcategories&post=13116"},{"taxonomy":"post_tag","embeddable":true,"href":"https:\/\/www.gesamtschule-stade.de\/index.php?rest_route=%2Fwp%2Fv2%2Ftags&post=13116"}],"curies":[{"name":"wp","href":"https:\/\/api.w.org\/{rel}","templated":true}]}}