{"id":14790,"date":"2024-04-04T19:53:38","date_gmt":"2024-04-04T17:53:38","guid":{"rendered":"https:\/\/www.gesamtschule-stade.de\/?p=14790"},"modified":"2024-05-07T19:49:28","modified_gmt":"2024-05-07T17:49:28","slug":"wochenblatt-ingenieure-von-morgen-2-2-2-2-2-2-3-2-2-2-3-2-3-2-2-2-3-3-3","status":"publish","type":"post","link":"https:\/\/www.gesamtschule-stade.de\/?p=14790","title":{"rendered":"Fr\u00fchlingsfrische des 6. Jahrgangs"},"content":{"rendered":"<p style=\"text-align: justify;\">Eine er\u00adfolg\u00adrei\u00adche M\u00fcll\u00adsam\u00admel\u00adak\u00adti\u00adon des Jahr\u00adgangs 6 an der <span class=\"caps\">IGS<\/span> Sta\u00adde im Rah\u00admen der so ge\u00adnann\u00adten \u201eFr\u00fch\u00adlings\u00adfri\u00adsche\u201c:<\/p>\n<p style=\"text-align: justify;\">In der Wo\u00adche vor den Os\u00adter\u00adfe\u00adri\u00aden ver\u00adsam\u00admel\u00adte sich der Jahr\u00adgang 6 der In\u00adte\u00adgrier\u00adten Ge\u00adsamt\u00adschu\u00adle (<span class=\"caps\">IGS<\/span>) Sta\u00adde an un\u00adter\u00adschied\u00adli\u00adchen Ta\u00adgen zu ei\u00adner au\u00ad\u00dfer\u00adge\u00adw\u00f6hn\u00adli\u00adchen Ak\u00adti\u00adon im Rah\u00admen der Fr\u00fch\u00adlings\u00adfri\u00adsche: ei\u00adner M\u00fcll\u00adsam\u00admel\u00adak\u00adti\u00adon. Un\u00adter der Lei\u00adtung ih\u00adrer en\u00adga\u00adgier\u00adten Leh\u00adre\u00adrin\u00adnen und Leh\u00adrer be\u00adga\u00adben sich die Sch\u00fc\u00adle\u00adrin\u00adnen und Sch\u00fc\u00adler mit Hand\u00adschu\u00adhen und M\u00fcll\u00ads\u00e4\u00adcken aus\u00adge\u00adr\u00fcs\u00adtet auf die Mis\u00adsi\u00adon, ihre Schul\u00adum\u00adge\u00adbung von Ab\u00adfall zu befreien.<\/p>\n<p><img loading=\"lazy\" decoding=\"async\" class=\"size-full wp-image-14794 aligncenter\" src=\"https:\/\/www.gesamtschule-stade.de\/wp-content\/uploads\/2024\/04\/Fruehlingfrische2024-1.jpg\" alt width=\"667\" height=\"500\" srcset=\"https:\/\/www.gesamtschule-stade.de\/wp-content\/uploads\/2024\/04\/Fruehlingfrische2024-1.jpg 667w, https:\/\/www.gesamtschule-stade.de\/wp-content\/uploads\/2024\/04\/Fruehlingfrische2024-1-300x225.jpg 300w\" sizes=\"auto, (max-width: 667px) 100vw, 667px\"><\/p>\n<p style=\"text-align: justify;\">Die Ak\u00adti\u00adon be\u00adgann w\u00e4h\u00adrend des Schul\u00adta\u00adges und wur\u00adde von strah\u00adlen\u00addem Son\u00adnen\u00adschein be\u00adglei\u00adtet, was die Mo\u00adti\u00adva\u00adti\u00adon der Sch\u00fc\u00adle\u00adrin\u00adnen und Sch\u00fc\u00adler zu\u00ads\u00e4tz\u00adlich stei\u00adger\u00adte. Aus\u00adge\u00adstat\u00adtet mit Greif\u00adzan\u00adgen und M\u00fcll\u00ads\u00e4\u00adcken durch\u00adstreif\u00adten die Kin\u00adder die Um\u00adge\u00adbung der Schu\u00adle, um jede noch so klei\u00adne Spur von M\u00fcll aufzusammeln.<\/p>\n<p><img loading=\"lazy\" decoding=\"async\" class=\"aligncenter size-full wp-image-14795\" src=\"https:\/\/www.gesamtschule-stade.de\/wp-content\/uploads\/2024\/04\/Fruehlingfrische2024-2.jpeg\" alt width=\"667\" height=\"500\" srcset=\"https:\/\/www.gesamtschule-stade.de\/wp-content\/uploads\/2024\/04\/Fruehlingfrische2024-2.jpeg 667w, https:\/\/www.gesamtschule-stade.de\/wp-content\/uploads\/2024\/04\/Fruehlingfrische2024-2-300x225.jpeg 300w\" sizes=\"auto, (max-width: 667px) 100vw, 667px\"><\/p>\n<p style=\"text-align: justify;\">Mit Ei\u00adfer und Be\u00adgeis\u00adte\u00adrung wid\u00adme\u00adten sich die Sch\u00fc\u00adle\u00adrin\u00adnen und Sch\u00fc\u00adler ih\u00adrer Auf\u00adga\u00adbe. Sie sam\u00admel\u00adten Plas\u00adtik\u00adfla\u00adschen, Ver\u00adpa\u00adckun\u00adgen, Zi\u00adga\u00adret\u00adten\u00adstum\u00admel und an\u00adde\u00adren Ab\u00adfall ein, der sich \u00fcber die Zeit an\u00adge\u00adsam\u00admelt hat\u00adte. Da\u00adbei wur\u00adde nicht nur der di\u00adrek\u00adte Schul\u00adbe\u00adreich ge\u00ads\u00e4u\u00adbert, son\u00addern auch die an\u00adgren\u00adzen\u00adden Stra\u00ad\u00dfen und Gr\u00fcnfl\u00e4chen.<\/p>\n<p><img loading=\"lazy\" decoding=\"async\" class=\"aligncenter size-full wp-image-14796\" src=\"https:\/\/www.gesamtschule-stade.de\/wp-content\/uploads\/2024\/04\/Fruehlingfrische2024-3.jpeg\" alt width=\"375\" height=\"500\" srcset=\"https:\/\/www.gesamtschule-stade.de\/wp-content\/uploads\/2024\/04\/Fruehlingfrische2024-3.jpeg 375w, https:\/\/www.gesamtschule-stade.de\/wp-content\/uploads\/2024\/04\/Fruehlingfrische2024-3-225x300.jpeg 225w\" sizes=\"auto, (max-width: 375px) 100vw, 375px\"><\/p>\n<p style=\"text-align: justify;\">Die M\u00fcll\u00adsam\u00admel\u00adak\u00adti\u00adon war nicht nur eine Ge\u00adle\u00adgen\u00adheit, die Um\u00adwelt zu ver\u00adbes\u00adsern, son\u00addern auch eine M\u00f6g\u00adlich\u00adkeit f\u00fcr die Sch\u00fc\u00adle\u00adrin\u00adnen und Sch\u00fc\u00adler, Ver\u00adant\u00adwor\u00adtung f\u00fcr ihre Schul\u00adum\u00adge\u00adbung zu \u00fcber\u00adneh\u00admen und sich ak\u00adtiv f\u00fcr den Um\u00adwelt\u00adschutz ein\u00adzu\u00adset\u00adzen. Nach meh\u00adre\u00adren Stun\u00adden in\u00adten\u00adsi\u00adver Ar\u00adbeit kehr\u00adten Klas\u00adsen des 6. Jahr\u00adgangs mit vol\u00adlen M\u00fcll\u00ads\u00e4\u00adcken zur Schu\u00adle zu\u00adr\u00fcck. Der An\u00adblick der sau\u00adbe\u00adren Um\u00adge\u00adbung und das Be\u00adwusst\u00adsein, ei\u00adnen Bei\u00adtrag zum Um\u00adwelt\u00adschutz ge\u00adleis\u00adtet zu ha\u00adben, er\u00adf\u00fcll\u00adte die Sch\u00fc\u00adle\u00adrin\u00adnen und Sch\u00fc\u00adler mit&nbsp;Stolz.<\/p>\n<p><img loading=\"lazy\" decoding=\"async\" class=\"aligncenter size-full wp-image-14797\" src=\"https:\/\/www.gesamtschule-stade.de\/wp-content\/uploads\/2024\/04\/Fruehlingfrische2024-4.jpeg\" alt width=\"667\" height=\"500\" srcset=\"https:\/\/www.gesamtschule-stade.de\/wp-content\/uploads\/2024\/04\/Fruehlingfrische2024-4.jpeg 667w, https:\/\/www.gesamtschule-stade.de\/wp-content\/uploads\/2024\/04\/Fruehlingfrische2024-4-300x225.jpeg 300w\" sizes=\"auto, (max-width: 667px) 100vw, 667px\"><\/p>\n<p style=\"text-align: justify;\">Die M\u00fcll\u00adsam\u00admel\u00adak\u00adti\u00adon des Jahr\u00adgangs 6 an der <span class=\"caps\">IGS<\/span> Sta\u00adde war ein vol\u00adler Er\u00adfolg und zeigt, wie durch ge\u00admein\u00adsa\u00adme An\u00adstren\u00adgun\u00adgen und En\u00adga\u00adge\u00adment f\u00fcr die Um\u00adwelt po\u00adsi\u00adti\u00adve Ver\u00ad\u00e4n\u00adde\u00adrun\u00adgen be\u00adwirkt wer\u00adden k\u00f6n\u00adnen. Es ist zu hof\u00adfen, dass sol\u00adche Ak\u00adtio\u00adnen auch zu\u00adk\u00fcnf\u00adtig statt\u00adfin\u00adden und noch mehr Men\u00adschen dazu in\u00adspi\u00adrie\u00adren, sich ak\u00adtiv f\u00fcr eine sau\u00adbe\u00adre Um\u00adwelt einzusetzen.<\/p>\n<p style=\"text-align: justify;\"><em>Das Jahr\u00adgangs\u00adteam&nbsp;6<\/em><\/p>\n","protected":false},"excerpt":{"rendered":"<p>Eine er\u00adfolg\u00adrei\u00adche M\u00fcll\u00adsam\u00admel\u00adak\u00adti\u00adon des Jahr\u00adgangs 6 an der <span class=\"caps\">IGS<\/span> Sta\u00adde im Rah\u00admen der so ge\u00adnann\u00adten \u201eFr\u00fch\u00adlings\u00adfri\u00adsche\u201c: In der Wo\u00adche vor den Os\u00adter\u00adfe\u00adri\u00aden ver\u00adsam\u00admel\u00adte sich der Jahr\u00adgang 6 der In\u00adte\u00adgrier\u00adten Ge\u00adsamt\u00adschu\u00adle (<span class=\"caps\">IGS<\/span>) Sta\u00adde an un\u00adter\u00adschied\u00adli\u00adchen Ta\u00adgen zu ei\u00adner au\u00ad\u00dfer\u00adge\u00adw\u00f6hn\u00adli\u00adchen Ak\u00adti\u00adon im Rah\u00admen der Fr\u00fch\u00adlings\u00adfri\u00adsche: ei\u00adner M\u00fcll\u00adsam\u00admel\u00adak\u00adti\u00adon. Un\u00adter der Lei\u00adtung ih\u00adrer en\u00adga\u00adgier\u00adten Leh\u00adre\u00adrin\u00adnen und Leh\u00adrer be\u00adga\u00adben sich die Sch\u00fc\u00adle\u00adrin\u00adnen und Sch\u00fc\u00adler mit&nbsp;<a href=\"https:\/\/www.gesamtschule-stade.de\/?p=14790\">\u2026<\/a><\/p>\n","protected":false},"author":1,"featured_media":14793,"comment_status":"closed","ping_status":"open","sticky":false,"template":"","format":"aside","meta":{"wp_typography_post_enhancements_disabled":false,"footnotes":""},"categories":[49,45],"tags":[],"class_list":["post-14790","post","type-post","status-publish","format-aside","has-post-thumbnail","hentry","category-news","category-schulleben","post_format-post-format-aside","odd"],"_links":{"self":[{"href":"https:\/\/www.gesamtschule-stade.de\/index.php?rest_route=\/wp\/v2\/posts\/14790","targetHints":{"allow":["GET"]}}],"collection":[{"href":"https:\/\/www.gesamtschule-stade.de\/index.php?rest_route=\/wp\/v2\/posts"}],"about":[{"href":"https:\/\/www.gesamtschule-stade.de\/index.php?rest_route=\/wp\/v2\/types\/post"}],"author":[{"embeddable":true,"href":"https:\/\/www.gesamtschule-stade.de\/index.php?rest_route=\/wp\/v2\/users\/1"}],"replies":[{"embeddable":true,"href":"https:\/\/www.gesamtschule-stade.de\/index.php?rest_route=%2Fwp%2Fv2%2Fcomments&post=14790"}],"version-history":[{"count":4,"href":"https:\/\/www.gesamtschule-stade.de\/index.php?rest_route=\/wp\/v2\/posts\/14790\/revisions"}],"predecessor-version":[{"id":14799,"href":"https:\/\/www.gesamtschule-stade.de\/index.php?rest_route=\/wp\/v2\/posts\/14790\/revisions\/14799"}],"wp:featuredmedia":[{"embeddable":true,"href":"https:\/\/www.gesamtschule-stade.de\/index.php?rest_route=\/wp\/v2\/media\/14793"}],"wp:attachment":[{"href":"https:\/\/www.gesamtschule-stade.de\/index.php?rest_route=%2Fwp%2Fv2%2Fmedia&parent=14790"}],"wp:term":[{"taxonomy":"category","embeddable":true,"href":"https:\/\/www.gesamtschule-stade.de\/index.php?rest_route=%2Fwp%2Fv2%2Fcategories&post=14790"},{"taxonomy":"post_tag","embeddable":true,"href":"https:\/\/www.gesamtschule-stade.de\/index.php?rest_route=%2Fwp%2Fv2%2Ftags&post=14790"}],"curies":[{"name":"wp","href":"https:\/\/api.w.org\/{rel}","templated":true}]}}