{"id":2958,"date":"2017-08-04T21:43:19","date_gmt":"2017-08-04T19:43:19","guid":{"rendered":"http:\/\/hp2.gesamtschule-stade.de\/?p=2958"},"modified":"2020-12-17T15:59:35","modified_gmt":"2020-12-17T14:59:35","slug":"einschulung-der-neuen-fuenftklaessler","status":"publish","type":"post","link":"https:\/\/www.gesamtschule-stade.de\/?p=2958","title":{"rendered":"Einschulung der neuen F\u00fcnftkl\u00e4ssler 2017"},"content":{"rendered":"<p>Am 04. Au\u00adgust 2017 war es wie\u00adder so\u00adweit: Mit ei\u00adnem bun\u00adten Pro\u00adgramm wur\u00adden die neu\u00aden Sch\u00fc\u00adle\u00adrin\u00adnen und Sch\u00fc\u00adler der 5. Klas\u00adsen an der <span class=\"caps\">IGS<\/span> begr\u00fc\u00dft.<\/p>\n<p>Als \u00dcber\u00adra\u00adschun\u00adgen ga\u00adben die zu\u00adk\u00fcnf\u00adti\u00adgen Klas\u00adsen\u00adlei\u00adtung\u00ads\u00adtan\u00addems ih\u00adren Sch\u00fc\u00adle\u00adrin\u00adnen und Sch\u00fc\u00adlern ein Will\u00adkom\u00admens\u00adst\u00e4nd\u00adchen, w\u00e4h\u00adrend der ehe\u00adma\u00adli\u00adge 5. Jahr\u00adgang mit ei\u00adner fet\u00adzi\u00adgen Tanz\u00adauf\u00adf\u00fch\u00adrung die Turn\u00adhal\u00adle zum Be\u00adben brach\u00adte. Tra\u00addi\u00adtio\u00adnell en\u00adde\u00adte der Tag mit dem Auf\u00adstei\u00adgen von W\u00fcn\u00adschen und Hoff\u00adnun\u00adgen der frisch ge\u00adba\u00adcke\u00adnen Sch\u00fc\u00adle\u00adrin\u00adnen und Sch\u00fc\u00adler der <span class=\"caps\">IGS<\/span> gen Himmel.<\/p>\n<p>&nbsp;<\/p>\n<div id=\"justified_gallery_Cp3AFb\" class=\"sgg-style-1 \"><a class=\"sgg-lightbox-item\" href=\"https:\/\/www.gesamtschule-stade.de\/wp-content\/uploads\/2017\/09\/17.08.04-einschulung-027.jpg\" data-size=\"800x533\" data-caption=\"17.08.04 Einschulung 027\"><img decoding=\"async\" src=\"https:\/\/www.gesamtschule-stade.de\/wp-content\/uploads\/2017\/09\/17.08.04-einschulung-027-420x280.jpg\" data-caption=\"17.08.04 Einschulung 027\" alt=\"17.08.04 Einschulung 027\"><\/a><a class=\"sgg-lightbox-item\" href=\"https:\/\/www.gesamtschule-stade.de\/wp-content\/uploads\/2017\/09\/17.08.04-einschulung-026.jpg\" data-size=\"800x533\" data-caption=\"17.08.04 Einschulung 026\"><img decoding=\"async\" src=\"https:\/\/www.gesamtschule-stade.de\/wp-content\/uploads\/2017\/09\/17.08.04-einschulung-026-420x280.jpg\" data-caption=\"17.08.04 Einschulung 026\" alt=\"17.08.04 Einschulung 026\"><\/a><a class=\"sgg-lightbox-item\" href=\"https:\/\/www.gesamtschule-stade.de\/wp-content\/uploads\/2017\/09\/17.08.04-einschulung-025.jpg\" data-size=\"800x533\" data-caption=\"17.08.04 Einschulung 025\"><img decoding=\"async\" src=\"https:\/\/www.gesamtschule-stade.de\/wp-content\/uploads\/2017\/09\/17.08.04-einschulung-025-420x280.jpg\" data-caption=\"17.08.04 Einschulung 025\" alt=\"17.08.04 Einschulung 025\"><\/a><a class=\"sgg-lightbox-item\" href=\"https:\/\/www.gesamtschule-stade.de\/wp-content\/uploads\/2017\/09\/17.08.04-einschulung-024.jpg\" data-size=\"800x533\" data-caption=\"17.08.04 Einschulung 024\"><img decoding=\"async\" src=\"https:\/\/www.gesamtschule-stade.de\/wp-content\/uploads\/2017\/09\/17.08.04-einschulung-024-420x280.jpg\" data-caption=\"17.08.04 Einschulung 024\" alt=\"17.08.04 Einschulung 024\"><\/a><a class=\"sgg-lightbox-item\" href=\"https:\/\/www.gesamtschule-stade.de\/wp-content\/uploads\/2017\/09\/17.08.04-einschulung-023.jpg\" data-size=\"800x533\" data-caption=\"17.08.04 Einschulung 023\"><img decoding=\"async\" src=\"https:\/\/www.gesamtschule-stade.de\/wp-content\/uploads\/2017\/09\/17.08.04-einschulung-023-420x280.jpg\" data-caption=\"17.08.04 Einschulung 023\" alt=\"17.08.04 Einschulung 023\"><\/a><a class=\"sgg-lightbox-item\" href=\"https:\/\/www.gesamtschule-stade.de\/wp-content\/uploads\/2017\/09\/17.08.04-einschulung-022.jpg\" data-size=\"800x533\" data-caption=\"17.08.04 Einschulung 022\"><img decoding=\"async\" src=\"https:\/\/www.gesamtschule-stade.de\/wp-content\/uploads\/2017\/09\/17.08.04-einschulung-022-420x280.jpg\" data-caption=\"17.08.04 Einschulung 022\" alt=\"17.08.04 Einschulung 022\"><\/a><a class=\"sgg-lightbox-item\" href=\"https:\/\/www.gesamtschule-stade.de\/wp-content\/uploads\/2017\/09\/17.08.04-einschulung-021.jpg\" data-size=\"800x533\" data-caption=\"17.08.04 Einschulung 021\"><img decoding=\"async\" src=\"https:\/\/www.gesamtschule-stade.de\/wp-content\/uploads\/2017\/09\/17.08.04-einschulung-021-420x280.jpg\" data-caption=\"17.08.04 Einschulung 021\" alt=\"17.08.04 Einschulung 021\"><\/a><a class=\"sgg-lightbox-item\" href=\"https:\/\/www.gesamtschule-stade.de\/wp-content\/uploads\/2017\/09\/17.08.04-einschulung-020.jpg\" data-size=\"800x533\" data-caption=\"17.08.04 Einschulung 020\"><img decoding=\"async\" src=\"https:\/\/www.gesamtschule-stade.de\/wp-content\/uploads\/2017\/09\/17.08.04-einschulung-020-420x280.jpg\" data-caption=\"17.08.04 Einschulung 020\" alt=\"17.08.04 Einschulung 020\"><\/a><a class=\"sgg-lightbox-item\" href=\"https:\/\/www.gesamtschule-stade.de\/wp-content\/uploads\/2017\/09\/17.08.04-einschulung-019.jpg\" data-size=\"800x533\" data-caption=\"17.08.04 Einschulung 019\"><img decoding=\"async\" src=\"https:\/\/www.gesamtschule-stade.de\/wp-content\/uploads\/2017\/09\/17.08.04-einschulung-019-420x280.jpg\" data-caption=\"17.08.04 Einschulung 019\" alt=\"17.08.04 Einschulung 019\"><\/a><a class=\"sgg-lightbox-item\" href=\"https:\/\/www.gesamtschule-stade.de\/wp-content\/uploads\/2017\/09\/17.08.04-einschulung-018.jpg\" data-size=\"800x533\" data-caption=\"17.08.04 Einschulung 018\"><img decoding=\"async\" src=\"https:\/\/www.gesamtschule-stade.de\/wp-content\/uploads\/2017\/09\/17.08.04-einschulung-018-420x280.jpg\" data-caption=\"17.08.04 Einschulung 018\" alt=\"17.08.04 Einschulung 018\"><\/a><a class=\"sgg-lightbox-item\" href=\"https:\/\/www.gesamtschule-stade.de\/wp-content\/uploads\/2017\/09\/17.08.04-einschulung-017.jpg\" data-size=\"800x533\" data-caption=\"17.08.04 Einschulung 017\"><img decoding=\"async\" src=\"https:\/\/www.gesamtschule-stade.de\/wp-content\/uploads\/2017\/09\/17.08.04-einschulung-017-420x280.jpg\" data-caption=\"17.08.04 Einschulung 017\" alt=\"17.08.04 Einschulung 017\"><\/a><a class=\"sgg-lightbox-item\" href=\"https:\/\/www.gesamtschule-stade.de\/wp-content\/uploads\/2017\/09\/17.08.04-einschulung-016.jpg\" data-size=\"800x533\" data-caption=\"17.08.04 Einschulung 016\"><img decoding=\"async\" src=\"https:\/\/www.gesamtschule-stade.de\/wp-content\/uploads\/2017\/09\/17.08.04-einschulung-016-420x280.jpg\" data-caption=\"17.08.04 Einschulung 016\" alt=\"17.08.04 Einschulung 016\"><\/a><a class=\"sgg-lightbox-item\" href=\"https:\/\/www.gesamtschule-stade.de\/wp-content\/uploads\/2017\/09\/17.08.04-einschulung-015.jpg\" data-size=\"800x533\" data-caption=\"17.08.04 Einschulung 015\"><img decoding=\"async\" src=\"https:\/\/www.gesamtschule-stade.de\/wp-content\/uploads\/2017\/09\/17.08.04-einschulung-015-420x280.jpg\" data-caption=\"17.08.04 Einschulung 015\" alt=\"17.08.04 Einschulung 015\"><\/a><a class=\"sgg-lightbox-item\" href=\"https:\/\/www.gesamtschule-stade.de\/wp-content\/uploads\/2017\/09\/17.08.04-einschulung-014.jpg\" data-size=\"800x639\" data-caption=\"17.08.04 Einschulung 014\"><img decoding=\"async\" src=\"https:\/\/www.gesamtschule-stade.de\/wp-content\/uploads\/2017\/09\/17.08.04-einschulung-014-300x240.jpg\" data-caption=\"17.08.04 Einschulung 014\" alt=\"17.08.04 Einschulung 014\"><\/a><a class=\"sgg-lightbox-item\" href=\"https:\/\/www.gesamtschule-stade.de\/wp-content\/uploads\/2017\/09\/17.08.04-einschulung-013.jpg\" data-size=\"800x533\" data-caption=\"17.08.04 Einschulung 013\"><img decoding=\"async\" src=\"https:\/\/www.gesamtschule-stade.de\/wp-content\/uploads\/2017\/09\/17.08.04-einschulung-013-420x280.jpg\" data-caption=\"17.08.04 Einschulung 013\" alt=\"17.08.04 Einschulung 013\"><\/a><a class=\"sgg-lightbox-item\" href=\"https:\/\/www.gesamtschule-stade.de\/wp-content\/uploads\/2017\/09\/17.08.04-einschulung-012.jpg\" data-size=\"800x533\" data-caption=\"17.08.04 Einschulung 012\"><img decoding=\"async\" src=\"https:\/\/www.gesamtschule-stade.de\/wp-content\/uploads\/2017\/09\/17.08.04-einschulung-012-420x280.jpg\" data-caption=\"17.08.04 Einschulung 012\" alt=\"17.08.04 Einschulung 012\"><\/a><a class=\"sgg-lightbox-item\" href=\"https:\/\/www.gesamtschule-stade.de\/wp-content\/uploads\/2017\/09\/17.08.04-einschulung-011.jpg\" data-size=\"800x533\" data-caption=\"17.08.04 Einschulung 011\"><img decoding=\"async\" src=\"https:\/\/www.gesamtschule-stade.de\/wp-content\/uploads\/2017\/09\/17.08.04-einschulung-011-420x280.jpg\" data-caption=\"17.08.04 Einschulung 011\" alt=\"17.08.04 Einschulung 011\"><\/a><a class=\"sgg-lightbox-item\" href=\"https:\/\/www.gesamtschule-stade.de\/wp-content\/uploads\/2017\/09\/17.08.04-einschulung-010.jpg\" data-size=\"800x533\" data-caption=\"17.08.04 Einschulung 010\"><img decoding=\"async\" src=\"https:\/\/www.gesamtschule-stade.de\/wp-content\/uploads\/2017\/09\/17.08.04-einschulung-010-420x280.jpg\" data-caption=\"17.08.04 Einschulung 010\" alt=\"17.08.04 Einschulung 010\"><\/a><a class=\"sgg-lightbox-item\" href=\"https:\/\/www.gesamtschule-stade.de\/wp-content\/uploads\/2017\/09\/17.08.04-einschulung-009.jpg\" data-size=\"800x533\" data-caption=\"17.08.04 Einschulung 009\"><img decoding=\"async\" src=\"https:\/\/www.gesamtschule-stade.de\/wp-content\/uploads\/2017\/09\/17.08.04-einschulung-009-420x280.jpg\" data-caption=\"17.08.04 Einschulung 009\" alt=\"17.08.04 Einschulung 009\"><\/a><a class=\"sgg-lightbox-item\" href=\"https:\/\/www.gesamtschule-stade.de\/wp-content\/uploads\/2017\/09\/17.08.04-einschulung-008.jpg\" data-size=\"800x640\" data-caption=\"17.08.04 Einschulung 008\"><img decoding=\"async\" src=\"https:\/\/www.gesamtschule-stade.de\/wp-content\/uploads\/2017\/09\/17.08.04-einschulung-008-300x240.jpg\" data-caption=\"17.08.04 Einschulung 008\" alt=\"17.08.04 Einschulung 008\"><\/a><a class=\"sgg-lightbox-item\" href=\"https:\/\/www.gesamtschule-stade.de\/wp-content\/uploads\/2017\/09\/17.08.04-einschulung-007.jpg\" data-size=\"800x533\" data-caption=\"17.08.04 Einschulung 007\"><img decoding=\"async\" src=\"https:\/\/www.gesamtschule-stade.de\/wp-content\/uploads\/2017\/09\/17.08.04-einschulung-007-420x280.jpg\" data-caption=\"17.08.04 Einschulung 007\" alt=\"17.08.04 Einschulung 007\"><\/a><a class=\"sgg-lightbox-item\" href=\"https:\/\/www.gesamtschule-stade.de\/wp-content\/uploads\/2017\/09\/17.08.04-einschulung-006.jpg\" data-size=\"800x533\" data-caption=\"17.08.04 Einschulung 006\"><img decoding=\"async\" src=\"https:\/\/www.gesamtschule-stade.de\/wp-content\/uploads\/2017\/09\/17.08.04-einschulung-006-420x280.jpg\" data-caption=\"17.08.04 Einschulung 006\" alt=\"17.08.04 Einschulung 006\"><\/a><a class=\"sgg-lightbox-item\" href=\"https:\/\/www.gesamtschule-stade.de\/wp-content\/uploads\/2017\/09\/17.08.04-einschulung-005.jpg\" data-size=\"800x533\" data-caption=\"17.08.04 Einschulung 005\"><img decoding=\"async\" src=\"https:\/\/www.gesamtschule-stade.de\/wp-content\/uploads\/2017\/09\/17.08.04-einschulung-005-420x280.jpg\" data-caption=\"17.08.04 Einschulung 005\" alt=\"17.08.04 Einschulung 005\"><\/a><a class=\"sgg-lightbox-item\" href=\"https:\/\/www.gesamtschule-stade.de\/wp-content\/uploads\/2017\/09\/17.08.04-einschulung-004.jpg\" data-size=\"800x533\" data-caption=\"17.08.04 Einschulung 004\"><img decoding=\"async\" src=\"https:\/\/www.gesamtschule-stade.de\/wp-content\/uploads\/2017\/09\/17.08.04-einschulung-004-420x280.jpg\" data-caption=\"17.08.04 Einschulung 004\" alt=\"17.08.04 Einschulung 004\"><\/a><a class=\"sgg-lightbox-item\" href=\"https:\/\/www.gesamtschule-stade.de\/wp-content\/uploads\/2017\/09\/17.08.04-einschulung-003.jpg\" data-size=\"800x470\" data-caption=\"17.08.04 Einschulung 003\"><img decoding=\"async\" src=\"https:\/\/www.gesamtschule-stade.de\/wp-content\/uploads\/2017\/09\/17.08.04-einschulung-003-420x247.jpg\" data-caption=\"17.08.04 Einschulung 003\" alt=\"17.08.04 Einschulung 003\"><\/a><a class=\"sgg-lightbox-item\" href=\"https:\/\/www.gesamtschule-stade.de\/wp-content\/uploads\/2017\/09\/17.08.04-einschulung-002.jpg\" data-size=\"800x533\" data-caption=\"17.08.04 Einschulung 002\"><img decoding=\"async\" src=\"https:\/\/www.gesamtschule-stade.de\/wp-content\/uploads\/2017\/09\/17.08.04-einschulung-002-420x280.jpg\" data-caption=\"17.08.04 Einschulung 002\" alt=\"17.08.04 Einschulung 002\"><\/a><a class=\"sgg-lightbox-item\" href=\"https:\/\/www.gesamtschule-stade.de\/wp-content\/uploads\/2017\/09\/17.08.04-einschulung-001.jpg\" data-size=\"800x533\" data-caption=\"17.08.04 Einschulung 001\"><img decoding=\"async\" src=\"https:\/\/www.gesamtschule-stade.de\/wp-content\/uploads\/2017\/09\/17.08.04-einschulung-001-420x280.jpg\" data-caption=\"17.08.04 Einschulung 001\" alt=\"17.08.04 Einschulung 001\"><\/a><\/div>\n<div id=\"load_more_holder_Cp3AFb\" style=\"display:none\"><\/div>\n\t\t\t<script type=\"text\/javascript\">\n\t\t\t\t(function($){\n\t\t\t\t\t$(\"#justified_gallery_Cp3AFb\").justifiedGallery({\n\t\t\t\t\t\tsizeRangeSuffixes : {'lt100': '', 'lt240': '', 'lt320': '', 'lt500': '', 'lt640': '', 'lt1024': ''},rowHeight: 160,\nmobileRowHeight: 140,\nmargins: 2,\nlastRow: \"nojustify\",\nfixedHeight: false,\ncaptions: false,\ncaptionsColor: \"#000000\",\ncaptionsOpacity: 0.7,\nrandomize: false,\nmaxRowHeight: 0,\nrel: \"Cp3AFb\",\ntarget: null,\nrefreshTime: 250,\ncssAnimation: true,\ncaptionsAnimationDuration: 500,\nimagesAnimationDuration: 300,\ncaptionsVisibleOpacity: 0.7,\nclass: \"\",\n\t\t\t\t\t})\n\t\t\t\t\t.on('jg.complete', function(){\n\t\t\t\t\t\t$(document).ready(function(){\n\t\t\t\t\t\t\tvar pswp_Cp3AFb = SGGinitPhotoSwipeFromDOM('#justified_gallery_Cp3AFb',{title: false,\nshare: true,\nprint: false,\nhistory: false,\n uid: 'Cp3AFb' })})\t\t\t\t\t});\n\t\t\t\t\t\t\t\t\t\t\t\t\t\t\t\t\t\t\tvar galleries = [];\n\t\t\t\tvar gallery = $(\"#justified_gallery_Cp3AFb\");\n\t\t\t\t$(window).scroll(function() {\n\t\t\t\t\tif ( galleries.length >= 1  ) {\n\t\t\t\t\t\tvar scroll_top = $(window).scrollTop();\n\t\t\t\t\t\tvar scroll_bottom = scroll_top + $(window).height();\n\t\t\t\t\t\tvar gallery_top = $(gallery).offset().top;\n\t\t\t\t\t\tvar gallery_height = $(gallery).innerHeight();\n\t\t\t\t\t\tvar gallery_bottom = gallery_top + gallery_height;\n\t\t\t\t\t\tif( scroll_bottom >= gallery_bottom ) {\n\t\t\t\t\t\t\tvar images = galleries.splice(0,1);\n\t\t\t\t\t\t\tvar image_html = $(\"#load_more_holder_Cp3AFb\").html(images).text();\n\t\t\t\t\t\t\t$(gallery).append(image_html);\n\t\t\t\t\t\t\t$(gallery).justifiedGallery('norewind');\n\t\t\t\t\t\t}\n\t\t\t\t\t}\n\t\t\t\t});\t\t\t\t})(jQuery);\n\t\t\t<\/script>\n\t\t\t\t\t\t<style>\n\t            #justified_gallery_Cp3AFb .sgg-caption {\n\t\t\t\t\tbackground: rgb(0,0,0);\n\t\t\t\t\tbackground: rgba(0,0,0,0.7);\n\t\t\t\t\tcolor: #ffffff;\n\t\t\t\t\tfont-size: 1em;\n\t\t\t\t\tfont-weight: 400;\n\t\t\t\t\tfont-family: Helvetica, Arial, sans-serif;\n\t\t\t\t}\n\t\t\t\t#load_more_Cp3AFb {\n\t\t\t\t    background: #444444;\n\t\t\t\t    color: #ffffff;\n\t\t\t\t}\n\t\t\t<\/style>\n        \t\n","protected":false},"excerpt":{"rendered":"<p>Am 04. Au\u00adgust 2017 war es wie\u00adder so\u00adweit: Mit ei\u00adnem bun\u00adten Pro\u00adgramm wur\u00adden die neu\u00aden Sch\u00fc\u00adle\u00adrin\u00adnen und Sch\u00fc\u00adler der 5. Klas\u00adsen an der <span class=\"caps\">IGS<\/span> be\u00adgr\u00fc\u00dft. Als \u00dcber\u00adra\u00adschun\u00adgen ga\u00adben die zu\u00adk\u00fcnf\u00adti\u00adgen Klas\u00adsen\u00adlei\u00adtung\u00ads\u00adtan\u00addems ih\u00adren Sch\u00fc\u00adle\u00adrin\u00adnen und Sch\u00fc\u00adlern ein Will\u00adkom\u00admens\u00adst\u00e4nd\u00adchen, w\u00e4h\u00adrend der ehe\u00adma\u00adli\u00adge 5. Jahr\u00adgang mit ei\u00adner fet\u00adzi\u00adgen Tanz\u00adauf\u00adf\u00fch\u00adrung die Turn\u00adhal\u00adle zum Be\u00adben brach\u00adte. Tra\u00addi\u00adtio\u00adnell en\u00adde\u00adte der Tag mit dem Auf\u00adstei\u00adgen von W\u00fcn\u00adschen&nbsp;<a href=\"https:\/\/www.gesamtschule-stade.de\/?p=2958\">\u2026<\/a><\/p>\n","protected":false},"author":1,"featured_media":2988,"comment_status":"closed","ping_status":"open","sticky":false,"template":"","format":"image","meta":{"wp_typography_post_enhancements_disabled":false,"footnotes":""},"categories":[169,49,46,45],"tags":[],"class_list":["post-2958","post","type-post","status-publish","format-image","has-post-thumbnail","hentry","category-einschulungzeugnisse","category-news","category-schule","category-schulleben","post_format-post-format-image","odd"],"_links":{"self":[{"href":"https:\/\/www.gesamtschule-stade.de\/index.php?rest_route=\/wp\/v2\/posts\/2958","targetHints":{"allow":["GET"]}}],"collection":[{"href":"https:\/\/www.gesamtschule-stade.de\/index.php?rest_route=\/wp\/v2\/posts"}],"about":[{"href":"https:\/\/www.gesamtschule-stade.de\/index.php?rest_route=\/wp\/v2\/types\/post"}],"author":[{"embeddable":true,"href":"https:\/\/www.gesamtschule-stade.de\/index.php?rest_route=\/wp\/v2\/users\/1"}],"replies":[{"embeddable":true,"href":"https:\/\/www.gesamtschule-stade.de\/index.php?rest_route=%2Fwp%2Fv2%2Fcomments&post=2958"}],"version-history":[{"count":5,"href":"https:\/\/www.gesamtschule-stade.de\/index.php?rest_route=\/wp\/v2\/posts\/2958\/revisions"}],"predecessor-version":[{"id":6246,"href":"https:\/\/www.gesamtschule-stade.de\/index.php?rest_route=\/wp\/v2\/posts\/2958\/revisions\/6246"}],"wp:featuredmedia":[{"embeddable":true,"href":"https:\/\/www.gesamtschule-stade.de\/index.php?rest_route=\/wp\/v2\/media\/2988"}],"wp:attachment":[{"href":"https:\/\/www.gesamtschule-stade.de\/index.php?rest_route=%2Fwp%2Fv2%2Fmedia&parent=2958"}],"wp:term":[{"taxonomy":"category","embeddable":true,"href":"https:\/\/www.gesamtschule-stade.de\/index.php?rest_route=%2Fwp%2Fv2%2Fcategories&post=2958"},{"taxonomy":"post_tag","embeddable":true,"href":"https:\/\/www.gesamtschule-stade.de\/index.php?rest_route=%2Fwp%2Fv2%2Ftags&post=2958"}],"curies":[{"name":"wp","href":"https:\/\/api.w.org\/{rel}","templated":true}]}}