{"id":4953,"date":"2018-02-18T14:13:29","date_gmt":"2018-02-18T13:13:29","guid":{"rendered":"http:\/\/www.gesamtschule-stade.de\/?p=4953"},"modified":"2020-12-17T15:36:02","modified_gmt":"2020-12-17T14:36:02","slug":"ankuendigung-theaterauffuehrung-am-8-9-maerz","status":"publish","type":"post","link":"https:\/\/www.gesamtschule-stade.de\/?p=4953","title":{"rendered":"Ank\u00fcndigung: Theaterauff\u00fchrung am 8. und 9.&nbsp;M\u00e4rz"},"content":{"rendered":"<p style=\"text-align: center;\"><span style=\"font-size: 14pt;\">Thea\u00adter-AG der <span class=\"caps\">IGS<\/span> Sta\u00adde in\u00adsze\u00adniert ein gro\u00ad\u00dfes Film\u00addra\u00adma von Pe\u00adter&nbsp;Weir<\/span><\/p>\n<p style=\"text-align: center;\"><span style=\"font-size: 18pt;\"><strong>Der Club der to\u00adten Dichter<\/strong><\/span><\/p>\n<p style=\"text-align: center;\"><span style=\"font-size: 14pt;\">Auf\u00adf\u00fch\u00adrun\u00adgen am 8. und 9. M\u00e4rz 2018, je\u00adweils 19 Uhr, in der Aula der&nbsp;<span class=\"caps\">IGS<\/span><\/span><\/p>\n<p style=\"text-align: justify;\"><img loading=\"lazy\" decoding=\"async\" class=\"size-medium wp-image-4950 alignleft\" src=\"https:\/\/www.gesamtschule-stade.de\/wp-content\/uploads\/2018\/02\/500px-213x300.jpg\" alt width=\"213\" height=\"300\">17. Au\u00adgust 1958: Ein neu\u00ades Schul\u00adjahr be\u00adginnt in der Welton Aca\u00adde\u00admy, ei\u00adnem eng\u00adli\u00adschen In\u00adter\u00adnat der feins\u00adten Art. Hohe An\u00adfor\u00adde\u00adrun\u00adgen, ein strik\u00adter Lehr\u00adplan und har\u00adte Stra\u00adfen bei Ver\u00adst\u00f6\u00ad\u00dfen ge\u00adgen die Schul\u00adord\u00adnung sol\u00adlen die Sch\u00fc\u00adler zur kom\u00admen\u00adden Eli\u00adte des Lan\u00addes formen.<br>\nDoch in die\u00adsem Jahr ver\u00ad\u00e4n\u00addert sich et\u00adwas: Die neue Leh\u00adre\u00adrin Mrs. Kea\u00adting (Anna Dre\u00adwing) durch\u00adbricht den durch Re\u00adgeln und Ge\u00adhor\u00adsam ge\u00adpr\u00e4g\u00adten Schul\u00adall\u00adtag: Mit Hu\u00admor, Mensch\u00adlich\u00adkeit und un\u00adge\u00adw\u00f6hn\u00adli\u00adchen Me\u00adtho\u00adden for\u00addert sie die Sch\u00fc\u00adle\u00adrin\u00adnen und Sch\u00fc\u00adler zum selbst\u00adst\u00e4n\u00addi\u00adgen Den\u00adken auf. Sie be\u00adgeis\u00adtert f\u00fcr die Welt der Li\u00adte\u00adra\u00adtur und for\u00addert auf, sich den sch\u00f6\u00adnen Din\u00adgen des Le\u00adbens zuzuwenden.<br>\nEine klei\u00adne Grup\u00adpe von Sch\u00fc\u00adle\u00adrin\u00adnen und Sch\u00fc\u00adlern ist von ih\u00adrem Un\u00adter\u00adricht fas\u00adzi\u00adniert. An\u00adge\u00adregt durch Kea\u00adting er\u00ad\u00f6ff\u00adnen sie den Club der to\u00adten Dich\u00adter \u2013 ein Ge\u00adheim\u00adbund, in dem sie ih\u00adren Ge\u00adf\u00fch\u00adlen frei\u00aden Lauf las\u00adsen und ih\u00adren Tr\u00e4u\u00admen nachgehen.<br>\nWeil aber die Welt um sie her\u00adum kon\u00adser\u00adva\u00adtiv bleibt und al\u00adles tut, um die freie Ent\u00adfal\u00adtung die\u00adser jun\u00adgen Men\u00adschen zu be\u00adk\u00e4mp\u00adfen, en\u00addet der Aus\u00adflug in die geis\u00adti\u00adge Un\u00adab\u00adh\u00e4n\u00adgig\u00adkeit tragisch.<\/p>\n<p>Die Thea\u00adter-AG der <span class=\"caps\">IGS<\/span> Sta\u00adde hat sich in den letz\u00adten Mo\u00adna\u00adten mit dem viel\u00adfach aus\u00adge\u00adzeich\u00adne\u00adten Spiel\u00adfilm von 1989 in\u00adten\u00adsiv aus\u00adein\u00adan\u00adder\u00adge\u00adsetzt und eine span\u00adnen\u00adde B\u00fch\u00adnen\u00adfas\u00adsung ent\u00adwi\u00adckelt, die un\u00adter die Haut geht. In klei\u00adnen Ne\u00adben\u00adrol\u00adlen wir\u00adken auch ei\u00adni\u00adge Leh\u00adrer der <span class=\"caps\">IGS<\/span>&nbsp;mit.<br>\nEine Auf\u00adf\u00fch\u00adrung, die man nicht ver\u00adpas\u00adsen sollte!<br>\nDie Film\u00advor\u00adla\u00adge ist ab 12 Jah\u00adren frei\u00adge\u00adge\u00adben. Dies ist auch die Emp\u00adfeh\u00adlung f\u00fcr das Theaterst\u00fcck.<br>\nGe\u00adspielt wird (in\u00adklu\u00adsi\u00adve ei\u00adner Pau\u00adse) ca. 120 Minuten.<\/p>\n<p>Kar\u00adten sind ab so\u00adfort im Se\u00adkre\u00adta\u00adri\u00adat der <span class=\"caps\">IGS<\/span> er\u00adh\u00e4lt\u00adlich. Sch\u00fcler\/innen zah\u00adlen 2 \u20ac, Er\u00adwach\u00adse\u00adne&nbsp;3&nbsp;\u20ac.<\/p>\n<p>&nbsp;<\/p>\n<p>&nbsp;<\/p>\n","protected":false},"excerpt":{"rendered":"<p>The\u00ada\u00ad\u00adter-AG der <span class=\"caps\">IGS<\/span> Sta\u00adde in\u00adsze\u00adniert ein gro\u00ad\u00dfes Film\u00addra\u00adma von Pe\u00adter&nbsp;Weir Der Club der to\u00adten Dich\u00adter Auf\u00adf\u00fch\u00adrun\u00adgen am 8. und 9. M\u00e4rz 2018, je\u00adweils 19 Uhr, in der Aula der&nbsp;<span class=\"caps\">IGS<\/span> 17. Au\u00adgust 1958: Ein neu\u00ades Schul\u00adjahr be\u00adginnt in der Welton Aca\u00adde\u00admy, ei\u00adnem eng\u00adli\u00adschen In\u00adter\u00adnat der feins\u00adten Art. Hohe An\u00adfor\u00adde\u00adrun\u00adgen, ein strik\u00adter Lehr\u00adplan und har\u00adte Stra\u00adfen bei Ver\u00adst\u00f6\u00ad\u00dfen ge\u00adgen die Schul\u00adord\u00adnung sol\u00adlen&nbsp;<a href=\"https:\/\/www.gesamtschule-stade.de\/?p=4953\">\u2026<\/a><\/p>\n","protected":false},"author":1,"featured_media":4958,"comment_status":"closed","ping_status":"open","sticky":false,"template":"","format":"aside","meta":{"wp_typography_post_enhancements_disabled":false,"footnotes":""},"categories":[49,45,167],"tags":[],"class_list":["post-4953","post","type-post","status-publish","format-aside","has-post-thumbnail","hentry","category-news","category-schulleben","category-theater","post_format-post-format-aside","odd"],"_links":{"self":[{"href":"https:\/\/www.gesamtschule-stade.de\/index.php?rest_route=\/wp\/v2\/posts\/4953","targetHints":{"allow":["GET"]}}],"collection":[{"href":"https:\/\/www.gesamtschule-stade.de\/index.php?rest_route=\/wp\/v2\/posts"}],"about":[{"href":"https:\/\/www.gesamtschule-stade.de\/index.php?rest_route=\/wp\/v2\/types\/post"}],"author":[{"embeddable":true,"href":"https:\/\/www.gesamtschule-stade.de\/index.php?rest_route=\/wp\/v2\/users\/1"}],"replies":[{"embeddable":true,"href":"https:\/\/www.gesamtschule-stade.de\/index.php?rest_route=%2Fwp%2Fv2%2Fcomments&post=4953"}],"version-history":[{"count":6,"href":"https:\/\/www.gesamtschule-stade.de\/index.php?rest_route=\/wp\/v2\/posts\/4953\/revisions"}],"predecessor-version":[{"id":4960,"href":"https:\/\/www.gesamtschule-stade.de\/index.php?rest_route=\/wp\/v2\/posts\/4953\/revisions\/4960"}],"wp:featuredmedia":[{"embeddable":true,"href":"https:\/\/www.gesamtschule-stade.de\/index.php?rest_route=\/wp\/v2\/media\/4958"}],"wp:attachment":[{"href":"https:\/\/www.gesamtschule-stade.de\/index.php?rest_route=%2Fwp%2Fv2%2Fmedia&parent=4953"}],"wp:term":[{"taxonomy":"category","embeddable":true,"href":"https:\/\/www.gesamtschule-stade.de\/index.php?rest_route=%2Fwp%2Fv2%2Fcategories&post=4953"},{"taxonomy":"post_tag","embeddable":true,"href":"https:\/\/www.gesamtschule-stade.de\/index.php?rest_route=%2Fwp%2Fv2%2Ftags&post=4953"}],"curies":[{"name":"wp","href":"https:\/\/api.w.org\/{rel}","templated":true}]}}