{"id":6466,"date":"2019-04-28T19:53:22","date_gmt":"2019-04-28T17:53:22","guid":{"rendered":"http:\/\/www.gesamtschule-stade.de\/?p=6466"},"modified":"2019-04-28T20:39:52","modified_gmt":"2019-04-28T18:39:52","slug":"das-rote-sofa-die-igs-nimmt-platz-folge-1-2-2","status":"publish","type":"post","link":"https:\/\/www.gesamtschule-stade.de\/?p=6466","title":{"rendered":"<span class=\"dquo\">\u201e<\/span><span class=\"caps\">NICHTS<\/span>\u201c \u2013 Karten, Termine und Trailer zur n\u00e4chsten Auff\u00fchrung des diesj\u00e4hrigen Theaterst\u00fccks der&nbsp;<span class=\"caps\">IGS<\/span>"},"content":{"rendered":"<p><img loading=\"lazy\" decoding=\"async\" class=\"alignleft wp-image-6548 size-full\" src=\"https:\/\/www.gesamtschule-stade.de\/wp-content\/uploads\/2019\/04\/19.05.24-theater-ag-nichts-ankuendigung-plakat.png\" alt width=\"300\" height=\"425\">Nach den er\u00adfolg\u00adrei\u00adchen Auf\u00adf\u00fch\u00adrun\u00adgen im Ja\u00adnu\u00adar f\u00fchrt die Thea\u00adter-AG das St\u00fcck \u201eNichts\u201c am 24. Mai 2019 noch ein\u00admal auf. Den Trai\u00adler zum St\u00fcck k\u00f6n\u00adnen Sie hier an\u00adse\u00adhen (un\u00adten). Kar\u00adten gibt es ab so\u00adfort im Vor\u00adver\u00adkauf im Se\u00adkre\u00adta\u00adri\u00adat der Schule.<\/p>\n<hr>\n<p>Der ers\u00adte Schul\u00adtag nach den Som\u00admer\u00adfe\u00adri\u00aden. Der Un\u00adter\u00adricht in der Klas\u00adse 7a be\u00adginnt wie in je\u00addem Schul\u00adjahr. Das Klas\u00adsen\u00adzim\u00admer riecht nach Rei\u00adni\u00adgungs\u00admit\u00adteln und lan\u00adgem Leer\u00adste\u00adhen. Alle sit\u00adzen ar\u00adtig auf ih\u00adren Pl\u00e4t\u00adzen und las\u00adsen die Be\u00adgr\u00fc\u00ad\u00dfung des Klas\u00adsen\u00adleh\u00adrers \u00fcber sich ergehen.<\/p>\n<p>Da ent\u00adschei\u00addet An\u00adton aus\u00adzu\u00adstei\u00adgen. Aus dem Un\u00adter\u00adricht. Aus der Schu\u00adle. Aus dem Le\u00adben. \u201eNichts be\u00addeu\u00adtet ir\u00adgend\u00adet\u00adwas. Des\u00adhalb lohnt es sich nicht, ir\u00adgend\u00adet\u00adwas zu tun.\u201c, sagt er und geht einfach.<\/p>\n<p>An\u00adton steigt auf ei\u00adnen Obst\u00adbaum in der N\u00e4he der Schu\u00adle. Von dort oben bom\u00adbar\u00addiert er sei\u00adne Klas\u00adsen\u00adka\u00adme\u00adra\u00adden mit un\u00adrei\u00adfen Fr\u00fcch\u00adten und pro\u00advo\u00adzie\u00adren\u00adden Spr\u00fcchen:<br>\n\u201eAl\u00adles ist egal.\u201c, sagt er zum Bei\u00adspiel, \u201edenn al\u00adles f\u00e4ngt nur an, um auf\u00adzu\u00adh\u00f6\u00adren.\u201c Die Schu\u00adle, die Lie\u00adbe, der Be\u00adruf, das Le\u00adben. Es gibt nichts, was bleibt. Also auch nichts, was Be\u00addeu\u00adtung&nbsp;hat.<\/p>\n<p>Das trifft. Die Mit\u00adsch\u00fc\u00adler k\u00f6n\u00adnen das nicht igno\u00adrie\u00adren. Also ver\u00adsu\u00adchen sie, An\u00adton zu be\u00adwei\u00adsen, dass es durch\u00adaus Din\u00adge gibt, die et\u00adwas be\u00addeu\u00adten und dem Le\u00adben Sinn&nbsp;geben.<\/p>\n<p>Was harm\u00adlos be\u00adginnt, wird bald zu ei\u00adnem grau\u00adsa\u00admen Ex\u00adpe\u00adri\u00adment, in dem es kei\u00adne Gren\u00adzen mehr&nbsp;gibt.<\/p>\n<hr>\n<p>Als die d\u00e4\u00adni\u00adsche Au\u00adtorin Jane Tel\u00adler die\u00adsen Ju\u00adgend\u00adro\u00adman \u00fcber das Er\u00adwach\u00adsen\u00adwer\u00adden, \u00fcber Sinn\u00adsu\u00adche und Ge\u00adwalt in un\u00adse\u00adrer Ge\u00adsell\u00adschaft im Jahr 2000 ver\u00ad\u00f6f\u00adfent\u00adlich\u00adte, war das ein gro\u00ad\u00dfer Skan\u00addal. Zeit\u00adwei\u00adse war das Buch an d\u00e4\u00adni\u00adschen Schu\u00adlen ver\u00adbo\u00adten. In\u00adzwi\u00adschen wur\u00adde es mehr\u00adfach aus\u00adge\u00adzeich\u00adnet, in ins\u00adge\u00adsamt 25 Spra\u00adchen \u00fcber\u00adsetzt und ist zu ei\u00adnem in\u00adter\u00adna\u00adtio\u00adna\u00adlen Best\u00adsel\u00adler geworden.<\/p>\n<p>Die Thea\u00adter-AG der <span class=\"caps\">IGS<\/span> Sta\u00adde hat sich mit dem Ro\u00adman in\u00adten\u00adsiv aus\u00adein\u00adan\u00adder\u00adge\u00adsetzt und eine span\u00adnen\u00adde B\u00fch\u00adnen\u00adfas\u00adsung ent\u00adwi\u00adckelt, die un\u00adter die Haut geht. Eine Auf\u00adf\u00fch\u00adrung, die man nicht ver\u00adpas\u00adsen sollte!<\/p>\n<p>Der Ver\u00adlag emp\u00adfiehlt den Ro\u00adman Ju\u00adgend\u00adli\u00adchen <span style=\"font-size: 14pt;\"><strong>ab 14 Jah\u00adre<\/strong><\/span>. Dies ist auch die Emp\u00adfeh\u00adlung f\u00fcr das Theaterst\u00fcck.<\/p>\n<p><iframe loading=\"lazy\" width=\"1200\" height=\"675\" src=\"https:\/\/www.youtube.com\/embed\/2I24d4o8MB8?feature=oembed\" frameborder=\"0\" allow=\"accelerometer; autoplay; encrypted-media; gyroscope; picture-in-picture\" allowfullscreen><\/iframe><\/p>\n","protected":false},"excerpt":{"rendered":"<p>Nach den er\u00adfolg\u00adrei\u00adchen Auf\u00adf\u00fch\u00adrun\u00adgen im Ja\u00adnu\u00adar f\u00fchrt die The\u00ada\u00ad\u00adter-AG das St\u00fcck \u201eNichts\u201c am 24. Mai 2019 noch ein\u00admal auf. Den Trai\u00adler zum St\u00fcck k\u00f6n\u00adnen Sie hier an\u00adse\u00adhen (un\u00adten). Kar\u00adten gibt es ab so\u00adfort im Vor\u00adver\u00adkauf im Se\u00adkre\u00adta\u00adri\u00adat der Schu\u00adle. Der ers\u00adte Schul\u00adtag nach den Som\u00admer\u00adfe\u00adri\u00aden. Der Un\u00adter\u00adricht in der Klas\u00adse 7a be\u00adginnt wie in je\u00addem Schul\u00adjahr. Das Klas\u00adsen\u00adzim\u00admer riecht nach&nbsp;<a href=\"https:\/\/www.gesamtschule-stade.de\/?p=6466\">\u2026<\/a><\/p>\n","protected":false},"author":1,"featured_media":6469,"comment_status":"closed","ping_status":"open","sticky":false,"template":"","format":"status","meta":{"wp_typography_post_enhancements_disabled":false,"footnotes":""},"categories":[49,45,47],"tags":[],"class_list":["post-6466","post","type-post","status-publish","format-status","has-post-thumbnail","hentry","category-news","category-schulleben","category-videos","post_format-post-format-status","odd"],"_links":{"self":[{"href":"https:\/\/www.gesamtschule-stade.de\/index.php?rest_route=\/wp\/v2\/posts\/6466","targetHints":{"allow":["GET"]}}],"collection":[{"href":"https:\/\/www.gesamtschule-stade.de\/index.php?rest_route=\/wp\/v2\/posts"}],"about":[{"href":"https:\/\/www.gesamtschule-stade.de\/index.php?rest_route=\/wp\/v2\/types\/post"}],"author":[{"embeddable":true,"href":"https:\/\/www.gesamtschule-stade.de\/index.php?rest_route=\/wp\/v2\/users\/1"}],"replies":[{"embeddable":true,"href":"https:\/\/www.gesamtschule-stade.de\/index.php?rest_route=%2Fwp%2Fv2%2Fcomments&post=6466"}],"version-history":[{"count":11,"href":"https:\/\/www.gesamtschule-stade.de\/index.php?rest_route=\/wp\/v2\/posts\/6466\/revisions"}],"predecessor-version":[{"id":7219,"href":"https:\/\/www.gesamtschule-stade.de\/index.php?rest_route=\/wp\/v2\/posts\/6466\/revisions\/7219"}],"wp:featuredmedia":[{"embeddable":true,"href":"https:\/\/www.gesamtschule-stade.de\/index.php?rest_route=\/wp\/v2\/media\/6469"}],"wp:attachment":[{"href":"https:\/\/www.gesamtschule-stade.de\/index.php?rest_route=%2Fwp%2Fv2%2Fmedia&parent=6466"}],"wp:term":[{"taxonomy":"category","embeddable":true,"href":"https:\/\/www.gesamtschule-stade.de\/index.php?rest_route=%2Fwp%2Fv2%2Fcategories&post=6466"},{"taxonomy":"post_tag","embeddable":true,"href":"https:\/\/www.gesamtschule-stade.de\/index.php?rest_route=%2Fwp%2Fv2%2Ftags&post=6466"}],"curies":[{"name":"wp","href":"https:\/\/api.w.org\/{rel}","templated":true}]}}